{"id":4918,"date":"1964-04-21T12:33:20","date_gmt":"1964-04-21T17:33:20","guid":{"rendered":"https:\/\/masifica.co\/hoyenlajaveriana\/?p=4918"},"modified":"2019-08-12T13:36:28","modified_gmt":"2019-08-12T18:36:28","slug":"se-inaugura-el-noveno-piso-del-hospital","status":"publish","type":"post","link":"https:\/\/www.javeriana.edu.co\/repositorio-hoy-en-la-javeriana\/se-inaugura-el-noveno-piso-del-hospital\/","title":{"rendered":"Se inaugura el noveno piso del Hospital"},"content":{"rendered":"<p>Ma\u00f1ana por la tarde el R.P. Eduardo Brice\u00f1o, S.J., Vice-Gran Canciller de la Universidad, bendecir\u00e1 las confortables residencias de las tres Comunidades norteamericanas que trabajan en el Hospital. Consta el noveno piso de residencias para Hermanas (19 habitaciones), comedores, cocina y capilla (esta \u00faltima a\u00fan no terminada). Las tres comunidades que pasan a vivir all\u00ed son: Hermanas Franciscanas de Rochester, Minnesota; Hermanas de Notre Dame, de Mequon, Wisconsin, y Hermanas de la Caridad de la Virgen Mar\u00eda (BVM), de Dubuque, Iowa. La direcci\u00f3n de la construcci\u00f3n de este piso estuvo, acertadamente, a cargo del D., An\u00edbal Moreno, Jefe del Departamento de Arquitectura y Planeamiento.<\/p>\n","protected":false},"excerpt":{"rendered":"<p>Ma\u00f1ana por la tarde el R.P. Eduardo Brice\u00f1o, S.J., Vice-Gran Canciller de la Universidad, bendecir\u00e1 las confortables residencias de las tres Comunidades norteamericanas que trabajan en el Hospital. Consta el noveno piso de residencias para Hermanas (19 habitaciones), comedores, cocina y capilla (esta \u00faltima a\u00fan no terminada). Las tres comunidades que pasan a vivir all\u00ed son: Hermanas Franciscanas de Rochester, Minnesota; Hermanas de Notre Dame, de Mequon, Wisconsin, y Hermanas de la Caridad de la Virgen Mar\u00eda (BVM), de Dubuque, Iowa. La direcci\u00f3n de la construcci\u00f3n de este piso estuvo, acertadamente, a cargo del D., An\u00edbal Moreno, Jefe del Departamento de Arquitectura y Planeamiento.<\/p>\n","protected":false},"author":1,"featured_media":1866,"comment_status":"closed","ping_status":"closed","sticky":false,"template":"","format":"standard","meta":{"footnotes":""},"categories":[105],"tags":[6408,5413,6462,6482,3361,6488,6484,6486,6090,6485,6483,6487],"class_list":["post-4918","post","type-post","status-publish","format-standard","has-post-thumbnail","hentry","category-institucional","tag-abril-1964","tag-anibal-moreno","tag-departamento-de-arquitectura-y-planeamiento","tag-edicion-182","tag-eduardo-briceno","tag-hermanas-de-la-caridad-de-la-virgen-maria","tag-hermanas-franciscanas-de-rochester","tag-mequon","tag-minnesota","tag-notre-dame","tag-se-inaugura-el-noveno-piso-del-hospital","tag-wisconsin"],"acf":[],"_links":{"self":[{"href":"https:\/\/www.javeriana.edu.co\/repositorio-hoy-en-la-javeriana\/wp-json\/wp\/v2\/posts\/4918","targetHints":{"allow":["GET"]}}],"collection":[{"href":"https:\/\/www.javeriana.edu.co\/repositorio-hoy-en-la-javeriana\/wp-json\/wp\/v2\/posts"}],"about":[{"href":"https:\/\/www.javeriana.edu.co\/repositorio-hoy-en-la-javeriana\/wp-json\/wp\/v2\/types\/post"}],"author":[{"embeddable":true,"href":"https:\/\/www.javeriana.edu.co\/repositorio-hoy-en-la-javeriana\/wp-json\/wp\/v2\/users\/1"}],"replies":[{"embeddable":true,"href":"https:\/\/www.javeriana.edu.co\/repositorio-hoy-en-la-javeriana\/wp-json\/wp\/v2\/comments?post=4918"}],"version-history":[{"count":0,"href":"https:\/\/www.javeriana.edu.co\/repositorio-hoy-en-la-javeriana\/wp-json\/wp\/v2\/posts\/4918\/revisions"}],"wp:featuredmedia":[{"embeddable":true,"href":"https:\/\/www.javeriana.edu.co\/repositorio-hoy-en-la-javeriana\/wp-json\/wp\/v2\/media\/1866"}],"wp:attachment":[{"href":"https:\/\/www.javeriana.edu.co\/repositorio-hoy-en-la-javeriana\/wp-json\/wp\/v2\/media?parent=4918"}],"wp:term":[{"taxonomy":"category","embeddable":true,"href":"https:\/\/www.javeriana.edu.co\/repositorio-hoy-en-la-javeriana\/wp-json\/wp\/v2\/categories?post=4918"},{"taxonomy":"post_tag","embeddable":true,"href":"https:\/\/www.javeriana.edu.co\/repositorio-hoy-en-la-javeriana\/wp-json\/wp\/v2\/tags?post=4918"}],"curies":[{"name":"wp","href":"https:\/\/api.w.org\/{rel}","templated":true}]}}