{"id":4982,"date":"1964-05-15T18:02:42","date_gmt":"1964-05-15T23:02:42","guid":{"rendered":"https:\/\/masifica.co\/hoyenlajaveriana\/?p=4982"},"modified":"2019-08-14T18:05:23","modified_gmt":"2019-08-14T23:05:23","slug":"micro-entrevista-5","status":"publish","type":"post","link":"https:\/\/www.javeriana.edu.co\/repositorio-hoy-en-la-javeriana\/micro-entrevista-5\/","title":{"rendered":"Micro &#8211; Entrevista"},"content":{"rendered":"<p>Como colaboraci\u00f3n del Club de Estudiantes Cantores de la Universidad al desarrollo de la Semana del Compa\u00f1ero, se realiz\u00f3 una presentaci\u00f3n en el teatro de las Facultades Femeninas el mi\u00e9rcoles pasado, a partir de las 71\/2 p.m. Aprovechando dicha oportunidad, \u00abHoy en la Javeriana\u00bb entrevist\u00f3 a su Director el R.P. Alejandro Angulo.<\/p>\n<p><em>Cu\u00e1nto hace que est\u00e1 al frente de dicha entidad y cu\u00e1ndo fue su primera presentaci\u00f3n?<\/em><\/p>\n<p>-\u00abHace tres a\u00f1os que soy su Director, pero durante este tiempo se han presentado algunos intervalos. La primera presentaci\u00f3n se realiz\u00f3 en mayo del 61 y fue este el primer concierto presentado en Colombia por estudiantes\u00bb.<\/p>\n<p><em>Cu\u00e1ntos clubes cantores hay actualmente en el pa\u00eds?<\/em><\/p>\n<p>-\u00abColombia cuenta con 22 clubes de diferentes universidades. Los primeros en fundarse fueron, en su orden, las de las Universidades Nacional, Javeriana, Andes, Bolivariana y Cartagena\u00bb.<\/p>\n<p><em>Qu\u00e9 puede decirnos respecto al concurso nacional de este a\u00f1o?<\/em><\/p>\n<p>-\u00abEste se llevar\u00e1 a cabo con la participaci\u00f3n de todos los coros existentes; las primeras eliminatorias ser\u00e1n en el mes de junio en Ibagu\u00e9, y las eliminatorias finales, con los 6 seleccionados, se verificar\u00e1n en Bogot\u00e1 en el mes de Octubre\u00bb.<\/p>\n<p><em>Fuera de esto tienen alg\u00fan plan especial?<\/em><\/p>\n<p>-\u00abPara antes del concurso final se presentar\u00e1 en el Teatro Col\u00f3n, en colaboraci\u00f3n con la Sinf\u00f3nica, una cantata con tema de Luis Antonio Escobar. Por el momento no hay m\u00e1s planes a realizar, pero quiero hacer resaltar la influencia que este Club ha tenido en la cultura del estudiantado a rara, de su formaci\u00f3n\u00bb.<\/p>\n<p>&nbsp;<\/p>\n","protected":false},"excerpt":{"rendered":"<p>Como colaboraci\u00f3n del Club de Estudiantes Cantores de la Universidad al desarrollo de la Semana del Compa\u00f1ero, se realiz\u00f3 una presentaci\u00f3n en el teatro de las Facultades Femeninas el mi\u00e9rcoles pasado, a partir de las 71\/2 p.m. Aprovechando dicha oportunidad, \u00abHoy en la Javeriana\u00bb entrevist\u00f3 a su Director el R.P. Alejandro Angulo. Cu\u00e1nto hace que est\u00e1 al frente de dicha entidad y cu\u00e1ndo fue su primera presentaci\u00f3n? -\u00abHace tres a\u00f1os que soy su Director, pero durante este tiempo se han presentado algunos intervalos. La primera presentaci\u00f3n se realiz\u00f3 en mayo del 61 y fue este el primer concierto presentado en Colombia por estudiantes\u00bb. Cu\u00e1ntos clubes cantores hay actualmente en el pa\u00eds? -\u00abColombia cuenta con 22 clubes de diferentes universidades. Los[&hellip;]<\/p>\n","protected":false},"author":1,"featured_media":1866,"comment_status":"closed","ping_status":"closed","sticky":false,"template":"","format":"standard","meta":{"footnotes":""},"categories":[105],"tags":[2563,3953,472,3952,2928,3285,429,6566,164,3381,1973,2872,5531,6526,6323,2923,6560,2848,2530],"class_list":["post-4982","post","type-post","status-publish","format-standard","has-post-thumbnail","hentry","category-institucional","tag-alejandro-angulo","tag-andes","tag-bogota","tag-bolivariana","tag-cartagena","tag-club-de-estudiantes-cantores","tag-colombia","tag-edicion-187","tag-facultades-femeninas","tag-hoy-en-la-javeriana","tag-ibague","tag-javeriana","tag-luis-antonio-escobar","tag-mayo-1964","tag-micro-entrevista","tag-nacional","tag-semana-del-companero","tag-teatro-colon","tag-universidad-javeriana"],"acf":[],"_links":{"self":[{"href":"https:\/\/www.javeriana.edu.co\/repositorio-hoy-en-la-javeriana\/wp-json\/wp\/v2\/posts\/4982","targetHints":{"allow":["GET"]}}],"collection":[{"href":"https:\/\/www.javeriana.edu.co\/repositorio-hoy-en-la-javeriana\/wp-json\/wp\/v2\/posts"}],"about":[{"href":"https:\/\/www.javeriana.edu.co\/repositorio-hoy-en-la-javeriana\/wp-json\/wp\/v2\/types\/post"}],"author":[{"embeddable":true,"href":"https:\/\/www.javeriana.edu.co\/repositorio-hoy-en-la-javeriana\/wp-json\/wp\/v2\/users\/1"}],"replies":[{"embeddable":true,"href":"https:\/\/www.javeriana.edu.co\/repositorio-hoy-en-la-javeriana\/wp-json\/wp\/v2\/comments?post=4982"}],"version-history":[{"count":0,"href":"https:\/\/www.javeriana.edu.co\/repositorio-hoy-en-la-javeriana\/wp-json\/wp\/v2\/posts\/4982\/revisions"}],"wp:featuredmedia":[{"embeddable":true,"href":"https:\/\/www.javeriana.edu.co\/repositorio-hoy-en-la-javeriana\/wp-json\/wp\/v2\/media\/1866"}],"wp:attachment":[{"href":"https:\/\/www.javeriana.edu.co\/repositorio-hoy-en-la-javeriana\/wp-json\/wp\/v2\/media?parent=4982"}],"wp:term":[{"taxonomy":"category","embeddable":true,"href":"https:\/\/www.javeriana.edu.co\/repositorio-hoy-en-la-javeriana\/wp-json\/wp\/v2\/categories?post=4982"},{"taxonomy":"post_tag","embeddable":true,"href":"https:\/\/www.javeriana.edu.co\/repositorio-hoy-en-la-javeriana\/wp-json\/wp\/v2\/tags?post=4982"}],"curies":[{"name":"wp","href":"https:\/\/api.w.org\/{rel}","templated":true}]}}