{"id":5042,"date":"1964-06-09T11:02:15","date_gmt":"1964-06-09T16:02:15","guid":{"rendered":"https:\/\/masifica.co\/hoyenlajaveriana\/?p=5042"},"modified":"2019-08-19T11:18:56","modified_gmt":"2019-08-19T16:18:56","slug":"la-javeriana-coordina-objetivo-en-el-campo-educacional","status":"publish","type":"post","link":"https:\/\/www.javeriana.edu.co\/repositorio-hoy-en-la-javeriana\/la-javeriana-coordina-objetivo-en-el-campo-educacional\/","title":{"rendered":"La Javeriana coordina objetivo en el campo educacional"},"content":{"rendered":"<p>El jueves 4 de junio, a las 6 p,m., tuvo lugar en la Rector\u00eda, de la Universidad Javeriana una importante mesa redonda sobre temas relacionados con los problemas de la educaci\u00f3n nacional, los programas de estudio para la formaci\u00f3n del profesorado de nivel secundario y tambi\u00e9n se debati\u00f3 la necesidad de una interacci\u00f3n en el desarrollo de los programas de estudio, desde la primaria hasta la Universidad. En el debate, que fue presidido por el R.P. Jes\u00fas Emilio Ram\u00edrez, S.J., Rector de la Universidad, y el R.P. Fernando Bar\u00f3n, S.J, tomaron parte el Presidente de la Asociaci\u00f3n Nacional de Universidades, el R.P. Godeardo Baquero, y la Doctora In\u00e9s Montoya, Directora del Departamento de Ciencias de la Educaci\u00f3n, y distinguidos representantes de entidades nacionales y extranjeras dedicadas a la educaci\u00f3n como son: la Confederaci\u00f3n Nacional de Colegios Cat\u00f3licos Privados, Rectores de Colegios y Normales, la Fundaci\u00f3n Ford, la Unesco y un representante de la Divisi\u00f3n para la Educaci\u00f3n de los Cuerpos de Paz.<\/p>\n","protected":false},"excerpt":{"rendered":"<p>El jueves 4 de junio, a las 6 p,m., tuvo lugar en la Rector\u00eda, de la Universidad Javeriana una importante mesa redonda sobre temas relacionados con los problemas de la educaci\u00f3n nacional, los programas de estudio para la formaci\u00f3n del profesorado de nivel secundario y tambi\u00e9n se debati\u00f3 la necesidad de una interacci\u00f3n en el desarrollo de los programas de estudio, desde la primaria hasta la Universidad. En el debate, que fue presidido por el R.P. Jes\u00fas Emilio Ram\u00edrez, S.J., Rector de la Universidad, y el R.P. Fernando Bar\u00f3n, S.J, tomaron parte el Presidente de la Asociaci\u00f3n Nacional de Universidades, el R.P. Godeardo Baquero, y la Doctora In\u00e9s Montoya, Directora del Departamento de Ciencias de la Educaci\u00f3n, y distinguidos representantes[&hellip;]<\/p>\n","protected":false},"author":1,"featured_media":1866,"comment_status":"closed","ping_status":"closed","sticky":false,"template":"","format":"standard","meta":{"footnotes":""},"categories":[39],"tags":[6648,6650,6649,5044,4176,6646,765,2714,5069,4683,2827,6625,6647,225,2530],"class_list":["post-5042","post","type-post","status-publish","format-standard","has-post-thumbnail","hentry","category-academia","tag-asociacion-nacional-de-universidades","tag-colegios-y-normales","tag-confederacion-nacional-de-colegios-catolicos-privados","tag-cuerpos-de-paz","tag-departamento-de-ciencias-de-la-educacion","tag-edicion-193","tag-fernando-baron","tag-fundacion-ford","tag-godeardo-baquero","tag-ines-montoya","tag-jesus-emilio-ramirez","tag-junio-1964","tag-la-javeriana-coordina-objetivo-en-el-campo-educacional","tag-unesco","tag-universidad-javeriana"],"acf":[],"_links":{"self":[{"href":"https:\/\/www.javeriana.edu.co\/repositorio-hoy-en-la-javeriana\/wp-json\/wp\/v2\/posts\/5042","targetHints":{"allow":["GET"]}}],"collection":[{"href":"https:\/\/www.javeriana.edu.co\/repositorio-hoy-en-la-javeriana\/wp-json\/wp\/v2\/posts"}],"about":[{"href":"https:\/\/www.javeriana.edu.co\/repositorio-hoy-en-la-javeriana\/wp-json\/wp\/v2\/types\/post"}],"author":[{"embeddable":true,"href":"https:\/\/www.javeriana.edu.co\/repositorio-hoy-en-la-javeriana\/wp-json\/wp\/v2\/users\/1"}],"replies":[{"embeddable":true,"href":"https:\/\/www.javeriana.edu.co\/repositorio-hoy-en-la-javeriana\/wp-json\/wp\/v2\/comments?post=5042"}],"version-history":[{"count":0,"href":"https:\/\/www.javeriana.edu.co\/repositorio-hoy-en-la-javeriana\/wp-json\/wp\/v2\/posts\/5042\/revisions"}],"wp:featuredmedia":[{"embeddable":true,"href":"https:\/\/www.javeriana.edu.co\/repositorio-hoy-en-la-javeriana\/wp-json\/wp\/v2\/media\/1866"}],"wp:attachment":[{"href":"https:\/\/www.javeriana.edu.co\/repositorio-hoy-en-la-javeriana\/wp-json\/wp\/v2\/media?parent=5042"}],"wp:term":[{"taxonomy":"category","embeddable":true,"href":"https:\/\/www.javeriana.edu.co\/repositorio-hoy-en-la-javeriana\/wp-json\/wp\/v2\/categories?post=5042"},{"taxonomy":"post_tag","embeddable":true,"href":"https:\/\/www.javeriana.edu.co\/repositorio-hoy-en-la-javeriana\/wp-json\/wp\/v2\/tags?post=5042"}],"curies":[{"name":"wp","href":"https:\/\/api.w.org\/{rel}","templated":true}]}}