{"id":5057,"date":"1964-06-12T12:21:54","date_gmt":"1964-06-12T17:21:54","guid":{"rendered":"https:\/\/masifica.co\/hoyenlajaveriana\/?p=5057"},"modified":"2019-08-19T12:24:45","modified_gmt":"2019-08-19T17:24:45","slug":"concurso-regional-de-c-e-c","status":"publish","type":"post","link":"https:\/\/www.javeriana.edu.co\/repositorio-hoy-en-la-javeriana\/concurso-regional-de-c-e-c\/","title":{"rendered":"Concurso regional de C.E.C."},"content":{"rendered":"<p>El Club de Estudiantes Cantores de la Universidad Javeriana viaj\u00f3 a Ibagu\u00e9 el s\u00e1bado 30 de mayo, para participar en el concurso eliminatorio regional de los C.E.C. Fueron magn\u00edficamente atendidos y agasajados por el C.E.C. de la Universidad del Tolima. En el concurso participaron la Universidad de Am\u00e9rica y las dos mencionadas. La coral Javeriana ocup\u00f3 el segundo lugar, con un puntaje apenas diferente del de la Universidad de Am\u00e9rica. A continuaci\u00f3n del concurso, tenido a las 11 del domingo lo. de junio, se present\u00f3 un festival conjunto en la Gobernaci\u00f3n del Tolima, para el p\u00fablico. Adem\u00e1s de las canciones interpretadas por los clubes combinados, el grupo javeriano integrado por 30 estudiantes de las diversas facultades, conducidos por el estudiante director Jos\u00e9 Armando Porras, de Medicina, ofreci\u00f3 su propia canci\u00f3n de concurso que mereci\u00f3 un especial aplauso.<\/p>\n<p>&nbsp;<\/p>\n","protected":false},"excerpt":{"rendered":"<p>El Club de Estudiantes Cantores de la Universidad Javeriana viaj\u00f3 a Ibagu\u00e9 el s\u00e1bado 30 de mayo, para participar en el concurso eliminatorio regional de los C.E.C. Fueron magn\u00edficamente atendidos y agasajados por el C.E.C. de la Universidad del Tolima. En el concurso participaron la Universidad de Am\u00e9rica y las dos mencionadas. La coral Javeriana ocup\u00f3 el segundo lugar, con un puntaje apenas diferente del de la Universidad de Am\u00e9rica. A continuaci\u00f3n del concurso, tenido a las 11 del domingo lo. de junio, se present\u00f3 un festival conjunto en la Gobernaci\u00f3n del Tolima, para el p\u00fablico. Adem\u00e1s de las canciones interpretadas por los clubes combinados, el grupo javeriano integrado por 30 estudiantes de las diversas facultades, conducidos por el estudiante[&hellip;]<\/p>\n","protected":false},"author":1,"featured_media":1866,"comment_status":"closed","ping_status":"closed","sticky":false,"template":"","format":"standard","meta":{"footnotes":""},"categories":[39],"tags":[6673,3285,6672,186,6662,6674,1973,5584,6625,72,3674,3007,2530],"class_list":["post-5057","post","type-post","status-publish","format-standard","has-post-thumbnail","hentry","category-academia","tag-c-e-c","tag-club-de-estudiantes-cantores","tag-concurso-regional-de-c-e-c","tag-coral-javeriana","tag-edicion-194","tag-gobernacion-del-tolima","tag-ibague","tag-jose-armando-porras","tag-junio-1964","tag-medicina","tag-universidad-de-america","tag-universidad-del-tolima","tag-universidad-javeriana"],"acf":[],"_links":{"self":[{"href":"https:\/\/www.javeriana.edu.co\/repositorio-hoy-en-la-javeriana\/wp-json\/wp\/v2\/posts\/5057","targetHints":{"allow":["GET"]}}],"collection":[{"href":"https:\/\/www.javeriana.edu.co\/repositorio-hoy-en-la-javeriana\/wp-json\/wp\/v2\/posts"}],"about":[{"href":"https:\/\/www.javeriana.edu.co\/repositorio-hoy-en-la-javeriana\/wp-json\/wp\/v2\/types\/post"}],"author":[{"embeddable":true,"href":"https:\/\/www.javeriana.edu.co\/repositorio-hoy-en-la-javeriana\/wp-json\/wp\/v2\/users\/1"}],"replies":[{"embeddable":true,"href":"https:\/\/www.javeriana.edu.co\/repositorio-hoy-en-la-javeriana\/wp-json\/wp\/v2\/comments?post=5057"}],"version-history":[{"count":0,"href":"https:\/\/www.javeriana.edu.co\/repositorio-hoy-en-la-javeriana\/wp-json\/wp\/v2\/posts\/5057\/revisions"}],"wp:featuredmedia":[{"embeddable":true,"href":"https:\/\/www.javeriana.edu.co\/repositorio-hoy-en-la-javeriana\/wp-json\/wp\/v2\/media\/1866"}],"wp:attachment":[{"href":"https:\/\/www.javeriana.edu.co\/repositorio-hoy-en-la-javeriana\/wp-json\/wp\/v2\/media?parent=5057"}],"wp:term":[{"taxonomy":"category","embeddable":true,"href":"https:\/\/www.javeriana.edu.co\/repositorio-hoy-en-la-javeriana\/wp-json\/wp\/v2\/categories?post=5057"},{"taxonomy":"post_tag","embeddable":true,"href":"https:\/\/www.javeriana.edu.co\/repositorio-hoy-en-la-javeriana\/wp-json\/wp\/v2\/tags?post=5057"}],"curies":[{"name":"wp","href":"https:\/\/api.w.org\/{rel}","templated":true}]}}