{"id":5086,"date":"1964-07-14T15:30:57","date_gmt":"1964-07-14T20:30:57","guid":{"rendered":"https:\/\/masifica.co\/hoyenlajaveriana\/?p=5086"},"modified":"2019-08-22T15:37:29","modified_gmt":"2019-08-22T20:37:29","slug":"viajan-a-estados-unidos","status":"publish","type":"post","link":"https:\/\/www.javeriana.edu.co\/repositorio-hoy-en-la-javeriana\/viajan-a-estados-unidos\/","title":{"rendered":"Viajan a Estados Unidos"},"content":{"rendered":"<p>Auspiciados por la Fundaci\u00f3n Ford, salen hoy para Estados Unidos, en un viaje de observaci\u00f3n y estudio por diversas universidades, el Dr. An\u00edbal Moreno, Jefe de la Oficina de Planeaci\u00f3n de la Universidad, y el P. Alfonso Borrero, Decano de Arquitectura. El viaje tiene como objetivo principal el hacer un estudio muy detenido de bibliotecas y plantas f\u00edsicas de universidades, para su inmediata aplicaci\u00f3n en el nuevo proyecto de la planta f\u00edsica de la Javeriana.<\/p>\n","protected":false},"excerpt":{"rendered":"<p>Auspiciados por la Fundaci\u00f3n Ford, salen hoy para Estados Unidos, en un viaje de observaci\u00f3n y estudio por diversas universidades, el Dr. An\u00edbal Moreno, Jefe de la Oficina de Planeaci\u00f3n de la Universidad, y el P. Alfonso Borrero, Decano de Arquitectura. El viaje tiene como objetivo principal el hacer un estudio muy detenido de bibliotecas y plantas f\u00edsicas de universidades, para su inmediata aplicaci\u00f3n en el nuevo proyecto de la planta f\u00edsica de la Javeriana.<\/p>\n","protected":false},"author":1,"featured_media":1866,"comment_status":"closed","ping_status":"closed","sticky":false,"template":"","format":"standard","meta":{"footnotes":""},"categories":[105],"tags":[1836,5413,116,6713,33,2714,2872,6714,6720,6728],"class_list":["post-5086","post","type-post","status-publish","format-standard","has-post-thumbnail","hentry","category-institucional","tag-alfonso-borrero","tag-anibal-moreno","tag-arquitectura","tag-edicion-196","tag-estados-unidos","tag-fundacion-ford","tag-javeriana","tag-julio-1964","tag-oficina-de-planeacion","tag-viajan-a-estados-unidos"],"acf":[],"_links":{"self":[{"href":"https:\/\/www.javeriana.edu.co\/repositorio-hoy-en-la-javeriana\/wp-json\/wp\/v2\/posts\/5086","targetHints":{"allow":["GET"]}}],"collection":[{"href":"https:\/\/www.javeriana.edu.co\/repositorio-hoy-en-la-javeriana\/wp-json\/wp\/v2\/posts"}],"about":[{"href":"https:\/\/www.javeriana.edu.co\/repositorio-hoy-en-la-javeriana\/wp-json\/wp\/v2\/types\/post"}],"author":[{"embeddable":true,"href":"https:\/\/www.javeriana.edu.co\/repositorio-hoy-en-la-javeriana\/wp-json\/wp\/v2\/users\/1"}],"replies":[{"embeddable":true,"href":"https:\/\/www.javeriana.edu.co\/repositorio-hoy-en-la-javeriana\/wp-json\/wp\/v2\/comments?post=5086"}],"version-history":[{"count":0,"href":"https:\/\/www.javeriana.edu.co\/repositorio-hoy-en-la-javeriana\/wp-json\/wp\/v2\/posts\/5086\/revisions"}],"wp:featuredmedia":[{"embeddable":true,"href":"https:\/\/www.javeriana.edu.co\/repositorio-hoy-en-la-javeriana\/wp-json\/wp\/v2\/media\/1866"}],"wp:attachment":[{"href":"https:\/\/www.javeriana.edu.co\/repositorio-hoy-en-la-javeriana\/wp-json\/wp\/v2\/media?parent=5086"}],"wp:term":[{"taxonomy":"category","embeddable":true,"href":"https:\/\/www.javeriana.edu.co\/repositorio-hoy-en-la-javeriana\/wp-json\/wp\/v2\/categories?post=5086"},{"taxonomy":"post_tag","embeddable":true,"href":"https:\/\/www.javeriana.edu.co\/repositorio-hoy-en-la-javeriana\/wp-json\/wp\/v2\/tags?post=5086"}],"curies":[{"name":"wp","href":"https:\/\/api.w.org\/{rel}","templated":true}]}}