{"id":5109,"date":"1964-07-17T16:20:55","date_gmt":"1964-07-17T21:20:55","guid":{"rendered":"https:\/\/masifica.co\/hoyenlajaveriana\/?p=5109"},"modified":"2019-08-22T16:23:29","modified_gmt":"2019-08-22T21:23:29","slug":"visitantes-ilustres-5","status":"publish","type":"post","link":"https:\/\/www.javeriana.edu.co\/repositorio-hoy-en-la-javeriana\/visitantes-ilustres-5\/","title":{"rendered":"Visitantes ilustres"},"content":{"rendered":"<p>En la ma\u00f1ana del martes, fueron hu\u00e9spedes de la Universidad el Dr. Carlos Alconada Aramburo, Ministro de Educaci\u00f3n de la Rep\u00fablica Argentina, y el Encargado de Negocios de la Embajada de esta Rep\u00fablica en Bogot\u00e1, Dr. Pablo M. del Pino.<\/p>\n<p>El d\u00eda anterior, habr\u00e1 estado tambi\u00e9n la Srta. Ana Mar\u00eda L\u00f3pez, Secretaria General de la Direcci\u00f3n Nacional de Reglamentaciones de Altos Estudios de la Rep\u00fablica Argentina.<\/p>\n<p>Fueron atendidos por las Directivas de la Universidad y visitaron, principalmente, las Cl\u00ednicas Odontol\u00f3gicas, los laboratorios de lenguas y la Facultad de Ingenier\u00eda Electr\u00f3nica. Al despedirse mostraron su complacencia por el alto nivel acad\u00e9mico y el magn\u00edfico equipo de laboratorios.<\/p>\n","protected":false},"excerpt":{"rendered":"<p>En la ma\u00f1ana del martes, fueron hu\u00e9spedes de la Universidad el Dr. Carlos Alconada Aramburo, Ministro de Educaci\u00f3n de la Rep\u00fablica Argentina, y el Encargado de Negocios de la Embajada de esta Rep\u00fablica en Bogot\u00e1, Dr. Pablo M. del Pino. El d\u00eda anterior, habr\u00e1 estado tambi\u00e9n la Srta. Ana Mar\u00eda L\u00f3pez, Secretaria General de la Direcci\u00f3n Nacional de Reglamentaciones de Altos Estudios de la Rep\u00fablica Argentina. Fueron atendidos por las Directivas de la Universidad y visitaron, principalmente, las Cl\u00ednicas Odontol\u00f3gicas, los laboratorios de lenguas y la Facultad de Ingenier\u00eda Electr\u00f3nica. Al despedirse mostraron su complacencia por el alto nivel acad\u00e9mico y el magn\u00edfico equipo de laboratorios.<\/p>\n","protected":false},"author":1,"featured_media":1866,"comment_status":"closed","ping_status":"closed","sticky":false,"template":"","format":"standard","meta":{"footnotes":""},"categories":[105],"tags":[6747,472,6744,4296,6748,6739,6746,2574,6714,6745,2896,2530,2907],"class_list":["post-5109","post","type-post","status-publish","format-standard","has-post-thumbnail","hentry","category-institucional","tag-ana-maria-lopez","tag-bogota","tag-carlos-alconada-aramburo","tag-clinicas-odontologicas","tag-direccion-nacional-de-reglamentaciones-de-altos-estudios-de-la-republica-argentina","tag-edicion-197","tag-embajada-argentina","tag-facultad-de-ingenieria-electronica","tag-julio-1964","tag-republica-argentina","tag-secretaria-general","tag-universidad-javeriana","tag-visitantes-ilustres"],"acf":[],"_links":{"self":[{"href":"https:\/\/www.javeriana.edu.co\/repositorio-hoy-en-la-javeriana\/wp-json\/wp\/v2\/posts\/5109","targetHints":{"allow":["GET"]}}],"collection":[{"href":"https:\/\/www.javeriana.edu.co\/repositorio-hoy-en-la-javeriana\/wp-json\/wp\/v2\/posts"}],"about":[{"href":"https:\/\/www.javeriana.edu.co\/repositorio-hoy-en-la-javeriana\/wp-json\/wp\/v2\/types\/post"}],"author":[{"embeddable":true,"href":"https:\/\/www.javeriana.edu.co\/repositorio-hoy-en-la-javeriana\/wp-json\/wp\/v2\/users\/1"}],"replies":[{"embeddable":true,"href":"https:\/\/www.javeriana.edu.co\/repositorio-hoy-en-la-javeriana\/wp-json\/wp\/v2\/comments?post=5109"}],"version-history":[{"count":0,"href":"https:\/\/www.javeriana.edu.co\/repositorio-hoy-en-la-javeriana\/wp-json\/wp\/v2\/posts\/5109\/revisions"}],"wp:featuredmedia":[{"embeddable":true,"href":"https:\/\/www.javeriana.edu.co\/repositorio-hoy-en-la-javeriana\/wp-json\/wp\/v2\/media\/1866"}],"wp:attachment":[{"href":"https:\/\/www.javeriana.edu.co\/repositorio-hoy-en-la-javeriana\/wp-json\/wp\/v2\/media?parent=5109"}],"wp:term":[{"taxonomy":"category","embeddable":true,"href":"https:\/\/www.javeriana.edu.co\/repositorio-hoy-en-la-javeriana\/wp-json\/wp\/v2\/categories?post=5109"},{"taxonomy":"post_tag","embeddable":true,"href":"https:\/\/www.javeriana.edu.co\/repositorio-hoy-en-la-javeriana\/wp-json\/wp\/v2\/tags?post=5109"}],"curies":[{"name":"wp","href":"https:\/\/api.w.org\/{rel}","templated":true}]}}