{"id":5288,"date":"1964-08-11T07:30:58","date_gmt":"1964-08-11T12:30:58","guid":{"rendered":"https:\/\/masifica.co\/hoyenlajaveriana\/?p=5288"},"modified":"2019-08-27T07:34:54","modified_gmt":"2019-08-27T12:34:54","slug":"condecoracion-orden-javeriana","status":"publish","type":"post","link":"https:\/\/www.javeriana.edu.co\/repositorio-hoy-en-la-javeriana\/condecoracion-orden-javeriana\/","title":{"rendered":"Condecoraci\u00f3n Orden Javeriana"},"content":{"rendered":"<p>Con ocasi\u00f3n del Banquete de Fraternidad Javeriana, el viernes 14 de agosto, ser\u00e1 condecorado con la Orden Javeriana, en el grado de Comendador, en el Sal\u00f3n Rojo del Hotel Tequendama, el Dr. Luis Alberto Serna Cort\u00e9s, Presidente del Consejo de Regentes de la Universidad Javeriana, seg\u00fan Resoluci\u00f3n No. 109 de Agosto 5 de 1964.<\/p>\n<p>El Dr. Serna aumentar\u00e1, as\u00ed, la galer\u00eda de condecorados javerianos, como uno de los Regentes que m\u00e1s impulso ha dado al Programa de Desarrollo de la Universidad, como prestigioso hombre de industria, y amigo de la Universidad. \u00abHoy en la Javeriana\u00bb se une a este digno homenaje.<\/p>\n","protected":false},"excerpt":{"rendered":"<p>Con ocasi\u00f3n del Banquete de Fraternidad Javeriana, el viernes 14 de agosto, ser\u00e1 condecorado con la Orden Javeriana, en el grado de Comendador, en el Sal\u00f3n Rojo del Hotel Tequendama, el Dr. Luis Alberto Serna Cort\u00e9s, Presidente del Consejo de Regentes de la Universidad Javeriana, seg\u00fan Resoluci\u00f3n No. 109 de Agosto 5 de 1964. El Dr. Serna aumentar\u00e1, as\u00ed, la galer\u00eda de condecorados javerianos, como uno de los Regentes que m\u00e1s impulso ha dado al Programa de Desarrollo de la Universidad, como prestigioso hombre de industria, y amigo de la Universidad. \u00abHoy en la Javeriana\u00bb se une a este digno homenaje.<\/p>\n","protected":false},"author":1,"featured_media":1866,"comment_status":"closed","ping_status":"closed","sticky":false,"template":"","format":"standard","meta":{"footnotes":""},"categories":[105],"tags":[6836,6860,5614,6859,2972,2974,3381,5630,4931,2530],"class_list":["post-5288","post","type-post","status-publish","format-standard","has-post-thumbnail","hentry","category-institucional","tag-agosto-1964","tag-condecoracion-orden-javeriana","tag-consejo-de-regentes","tag-edicion-202","tag-fraternidad-javeriana","tag-hotel-tequendama","tag-hoy-en-la-javeriana","tag-luis-alberto-serna-cortes","tag-orden-javeriana","tag-universidad-javeriana"],"acf":[],"_links":{"self":[{"href":"https:\/\/www.javeriana.edu.co\/repositorio-hoy-en-la-javeriana\/wp-json\/wp\/v2\/posts\/5288","targetHints":{"allow":["GET"]}}],"collection":[{"href":"https:\/\/www.javeriana.edu.co\/repositorio-hoy-en-la-javeriana\/wp-json\/wp\/v2\/posts"}],"about":[{"href":"https:\/\/www.javeriana.edu.co\/repositorio-hoy-en-la-javeriana\/wp-json\/wp\/v2\/types\/post"}],"author":[{"embeddable":true,"href":"https:\/\/www.javeriana.edu.co\/repositorio-hoy-en-la-javeriana\/wp-json\/wp\/v2\/users\/1"}],"replies":[{"embeddable":true,"href":"https:\/\/www.javeriana.edu.co\/repositorio-hoy-en-la-javeriana\/wp-json\/wp\/v2\/comments?post=5288"}],"version-history":[{"count":0,"href":"https:\/\/www.javeriana.edu.co\/repositorio-hoy-en-la-javeriana\/wp-json\/wp\/v2\/posts\/5288\/revisions"}],"wp:featuredmedia":[{"embeddable":true,"href":"https:\/\/www.javeriana.edu.co\/repositorio-hoy-en-la-javeriana\/wp-json\/wp\/v2\/media\/1866"}],"wp:attachment":[{"href":"https:\/\/www.javeriana.edu.co\/repositorio-hoy-en-la-javeriana\/wp-json\/wp\/v2\/media?parent=5288"}],"wp:term":[{"taxonomy":"category","embeddable":true,"href":"https:\/\/www.javeriana.edu.co\/repositorio-hoy-en-la-javeriana\/wp-json\/wp\/v2\/categories?post=5288"},{"taxonomy":"post_tag","embeddable":true,"href":"https:\/\/www.javeriana.edu.co\/repositorio-hoy-en-la-javeriana\/wp-json\/wp\/v2\/tags?post=5288"}],"curies":[{"name":"wp","href":"https:\/\/api.w.org\/{rel}","templated":true}]}}