{"id":5331,"date":"1964-08-28T11:12:28","date_gmt":"1964-08-28T16:12:28","guid":{"rendered":"https:\/\/masifica.co\/hoyenlajaveriana\/?p=5331"},"modified":"2019-08-27T11:21:03","modified_gmt":"2019-08-27T16:21:03","slug":"presidente-de-la-junta-directiva-de-la-fundacion-ford-y-del-m-i-t-en-la-javeriana","status":"publish","type":"post","link":"https:\/\/www.javeriana.edu.co\/repositorio-hoy-en-la-javeriana\/presidente-de-la-junta-directiva-de-la-fundacion-ford-y-del-m-i-t-en-la-javeriana\/","title":{"rendered":"Presidente de la Junta Directiva de la Fundaci\u00f3n Ford y del M.I.T en la Javeriana"},"content":{"rendered":"<p>El Dr. Julius A. Stratton, que adem\u00e1s es Vice-Presidente de la Academia Nacional de Ciencias de Estados Unidos, visitar\u00e1 hoy, a las 9 de la ma\u00f1ana, la Universidad Javeriana. Tendr\u00e1 una reuni\u00f3n con el Rector de la Universidad y con algunos Decanos y Jefes de Departamento, entre los cuales estar\u00e1n presentes: el Dr. Bernardo Moreno, el P. Mario A. Carvajal, el P.G. Baquero y la Se\u00f1orita In\u00e9s Montoya. \u00abHoy en la Javeriana\u00bb le presenta un cordial saludo.<\/p>\n","protected":false},"excerpt":{"rendered":"<p>El Dr. Julius A. Stratton, que adem\u00e1s es Vice-Presidente de la Academia Nacional de Ciencias de Estados Unidos, visitar\u00e1 hoy, a las 9 de la ma\u00f1ana, la Universidad Javeriana. Tendr\u00e1 una reuni\u00f3n con el Rector de la Universidad y con algunos Decanos y Jefes de Departamento, entre los cuales estar\u00e1n presentes: el Dr. Bernardo Moreno, el P. Mario A. Carvajal, el P.G. Baquero y la Se\u00f1orita In\u00e9s Montoya. \u00abHoy en la Javeriana\u00bb le presenta un cordial saludo.<\/p>\n","protected":false},"author":1,"featured_media":1866,"comment_status":"closed","ping_status":"closed","sticky":false,"template":"","format":"standard","meta":{"footnotes":""},"categories":[105],"tags":[2857,6836,5356,6944,33,3381,4683,6946,6850,6945,2530],"class_list":["post-5331","post","type-post","status-publish","format-standard","has-post-thumbnail","hentry","category-institucional","tag-academia-nacional-de-ciencias","tag-agosto-1964","tag-bernardo-moreno","tag-edicion-206","tag-estados-unidos","tag-hoy-en-la-javeriana","tag-ines-montoya","tag-julius-a-stratton","tag-mario-a-carvajal","tag-presidente-de-la-junta-directiva-de-la-fundacion-ford-y-del-m-i-t-en-la-javeriana","tag-universidad-javeriana"],"acf":[],"_links":{"self":[{"href":"https:\/\/www.javeriana.edu.co\/repositorio-hoy-en-la-javeriana\/wp-json\/wp\/v2\/posts\/5331","targetHints":{"allow":["GET"]}}],"collection":[{"href":"https:\/\/www.javeriana.edu.co\/repositorio-hoy-en-la-javeriana\/wp-json\/wp\/v2\/posts"}],"about":[{"href":"https:\/\/www.javeriana.edu.co\/repositorio-hoy-en-la-javeriana\/wp-json\/wp\/v2\/types\/post"}],"author":[{"embeddable":true,"href":"https:\/\/www.javeriana.edu.co\/repositorio-hoy-en-la-javeriana\/wp-json\/wp\/v2\/users\/1"}],"replies":[{"embeddable":true,"href":"https:\/\/www.javeriana.edu.co\/repositorio-hoy-en-la-javeriana\/wp-json\/wp\/v2\/comments?post=5331"}],"version-history":[{"count":0,"href":"https:\/\/www.javeriana.edu.co\/repositorio-hoy-en-la-javeriana\/wp-json\/wp\/v2\/posts\/5331\/revisions"}],"wp:featuredmedia":[{"embeddable":true,"href":"https:\/\/www.javeriana.edu.co\/repositorio-hoy-en-la-javeriana\/wp-json\/wp\/v2\/media\/1866"}],"wp:attachment":[{"href":"https:\/\/www.javeriana.edu.co\/repositorio-hoy-en-la-javeriana\/wp-json\/wp\/v2\/media?parent=5331"}],"wp:term":[{"taxonomy":"category","embeddable":true,"href":"https:\/\/www.javeriana.edu.co\/repositorio-hoy-en-la-javeriana\/wp-json\/wp\/v2\/categories?post=5331"},{"taxonomy":"post_tag","embeddable":true,"href":"https:\/\/www.javeriana.edu.co\/repositorio-hoy-en-la-javeriana\/wp-json\/wp\/v2\/tags?post=5331"}],"curies":[{"name":"wp","href":"https:\/\/api.w.org\/{rel}","templated":true}]}}