{"id":5360,"date":"1964-09-04T10:13:15","date_gmt":"1964-09-04T15:13:15","guid":{"rendered":"https:\/\/masifica.co\/hoyenlajaveriana\/?p=5360"},"modified":"2019-08-29T10:19:53","modified_gmt":"2019-08-29T15:19:53","slug":"beca-de-la-fundacion-ford","status":"publish","type":"post","link":"https:\/\/www.javeriana.edu.co\/repositorio-hoy-en-la-javeriana\/beca-de-la-fundacion-ford\/","title":{"rendered":"Beca de la Fundaci\u00f3n Ford"},"content":{"rendered":"<p>El Dr. Jaime George, Profesor de Biolog\u00eda en las Facultades de Medicina, Odontolog\u00eda y del Departamento de Ciencias de la Educaci\u00f3n de la Javeriana, viaj\u00f3 en d\u00edas pasados a la Universidad de Miami (Florida), con el prop\u00f3sito de obtener el Ph.D. en Biolog\u00eda.<\/p>\n<p>El Dr. George, quien viaja auspiciado por la Fundaci\u00f3n Ford es, adem\u00e1s, BS de la Universidad de Florida y MS de la Universidad de los Andes. A su regreso seguir\u00e1 colaborando en el Departamento de Ciencias B\u00e1sicas de la Universidad Javeriana.<\/p>\n","protected":false},"excerpt":{"rendered":"<p>El Dr. Jaime George, Profesor de Biolog\u00eda en las Facultades de Medicina, Odontolog\u00eda y del Departamento de Ciencias de la Educaci\u00f3n de la Javeriana, viaj\u00f3 en d\u00edas pasados a la Universidad de Miami (Florida), con el prop\u00f3sito de obtener el Ph.D. en Biolog\u00eda. El Dr. George, quien viaja auspiciado por la Fundaci\u00f3n Ford es, adem\u00e1s, BS de la Universidad de Florida y MS de la Universidad de los Andes. A su regreso seguir\u00e1 colaborando en el Departamento de Ciencias B\u00e1sicas de la Universidad Javeriana.<\/p>\n","protected":false},"author":1,"featured_media":1866,"comment_status":"closed","ping_status":"closed","sticky":false,"template":"","format":"standard","meta":{"footnotes":""},"categories":[39],"tags":[7014,408,7016,7020,6990,7018,2714,7015,2872,72,115,6966,7019,2628,7017,2530],"class_list":["post-5360","post","type-post","status-publish","format-standard","has-post-thumbnail","hentry","category-academia","tag-beca-de-la-fundacion-ford","tag-biologia","tag-departamento-de-ciencias","tag-departamento-de-ciencias-basicas","tag-edicion-208","tag-florida","tag-fundacion-ford","tag-jaime-george","tag-javeriana","tag-medicina","tag-odontologia","tag-septiembre-1964","tag-universidad-de-florida","tag-universidad-de-los-andes","tag-universidad-de-miami","tag-universidad-javeriana"],"acf":[],"_links":{"self":[{"href":"https:\/\/www.javeriana.edu.co\/repositorio-hoy-en-la-javeriana\/wp-json\/wp\/v2\/posts\/5360","targetHints":{"allow":["GET"]}}],"collection":[{"href":"https:\/\/www.javeriana.edu.co\/repositorio-hoy-en-la-javeriana\/wp-json\/wp\/v2\/posts"}],"about":[{"href":"https:\/\/www.javeriana.edu.co\/repositorio-hoy-en-la-javeriana\/wp-json\/wp\/v2\/types\/post"}],"author":[{"embeddable":true,"href":"https:\/\/www.javeriana.edu.co\/repositorio-hoy-en-la-javeriana\/wp-json\/wp\/v2\/users\/1"}],"replies":[{"embeddable":true,"href":"https:\/\/www.javeriana.edu.co\/repositorio-hoy-en-la-javeriana\/wp-json\/wp\/v2\/comments?post=5360"}],"version-history":[{"count":0,"href":"https:\/\/www.javeriana.edu.co\/repositorio-hoy-en-la-javeriana\/wp-json\/wp\/v2\/posts\/5360\/revisions"}],"wp:featuredmedia":[{"embeddable":true,"href":"https:\/\/www.javeriana.edu.co\/repositorio-hoy-en-la-javeriana\/wp-json\/wp\/v2\/media\/1866"}],"wp:attachment":[{"href":"https:\/\/www.javeriana.edu.co\/repositorio-hoy-en-la-javeriana\/wp-json\/wp\/v2\/media?parent=5360"}],"wp:term":[{"taxonomy":"category","embeddable":true,"href":"https:\/\/www.javeriana.edu.co\/repositorio-hoy-en-la-javeriana\/wp-json\/wp\/v2\/categories?post=5360"},{"taxonomy":"post_tag","embeddable":true,"href":"https:\/\/www.javeriana.edu.co\/repositorio-hoy-en-la-javeriana\/wp-json\/wp\/v2\/tags?post=5360"}],"curies":[{"name":"wp","href":"https:\/\/api.w.org\/{rel}","templated":true}]}}