{"id":5415,"date":"1964-09-29T10:13:19","date_gmt":"1964-09-29T15:13:19","guid":{"rendered":"https:\/\/masifica.co\/hoyenlajaveriana\/?p=5415"},"modified":"2019-09-03T10:17:20","modified_gmt":"2019-09-03T15:17:20","slug":"actividades-del-c-e-c-javeriano","status":"publish","type":"post","link":"https:\/\/www.javeriana.edu.co\/repositorio-hoy-en-la-javeriana\/actividades-del-c-e-c-javeriano\/","title":{"rendered":"Actividades del C.E.C javeriano"},"content":{"rendered":"<p>El Club de Estudiantes Cantores Javerianos ha sido invitado a participar en el concierto que tendr\u00e1 lugar el 12 de octubre, en el Teatro Col\u00f3n, en el cual se estrenar\u00e1 la obra \u00abJuramento a Bol\u00edvar\u00bb del poeta Jorge Rojas, con m\u00fasica del maestro Luis Antonio Escobar.<\/p>\n<p>La obra fue compuesta para coro masculino y orquesta, ser\u00e1 dirigida por el maestro Olav Roots y acompa\u00f1ada por la Orquesta Sinf\u00f3nica Nacional.<\/p>\n<p>\u00daltimamente el CEC Javeriano ha ofrecido varios conciertos: con motivo de la Semana Javeriana junto con el CEC de la Universidad de Am\u00e9rica, uno de beneficencia en el Colegio de Mary Mount, una presentaci\u00f3n conjunta con las Universidades de Am\u00e9rica y Andes en el Club Los Lagartos, en el que la parte exclusiva del CEC Javeriano fue especialmente aplaudida y sus voces muy encomiadas.<\/p>\n<p>Ofreci\u00f3 tambi\u00e9n una presentaci\u00f3n en la C\u00e1rcel de Mujeres del Buen Pastor esta noche, con el fin de colaborar en el trabajo de reeducaci\u00f3n que llevan a cabo las religiosas de esa instituci\u00f3n.<\/p>\n<p>El P. Angulo, quien ha venido dirigiendo durante los dos \u00faltimos a\u00f1os el Club, dejar\u00e1 definitivamente su cargo el 12 de octubre. Pronto daremos a conocer el nombre del sucesor del Padre, a quien agradecemos su labor inicial como fundador, con el Profesor Greenfield, de la U. de Nueva York, y su continuaci\u00f3n durante los a\u00f1os del 63 y 64, en los que el CEC ha tomado la forma que hoy le permite representar dignamente a la Universidad en los cert\u00e1menes culturales nacionales.<\/p>\n","protected":false},"excerpt":{"rendered":"<p>El Club de Estudiantes Cantores Javerianos ha sido invitado a participar en el concierto que tendr\u00e1 lugar el 12 de octubre, en el Teatro Col\u00f3n, en el cual se estrenar\u00e1 la obra \u00abJuramento a Bol\u00edvar\u00bb del poeta Jorge Rojas, con m\u00fasica del maestro Luis Antonio Escobar. La obra fue compuesta para coro masculino y orquesta, ser\u00e1 dirigida por el maestro Olav Roots y acompa\u00f1ada por la Orquesta Sinf\u00f3nica Nacional. \u00daltimamente el CEC Javeriano ha ofrecido varios conciertos: con motivo de la Semana Javeriana junto con el CEC de la Universidad de Am\u00e9rica, uno de beneficencia en el Colegio de Mary Mount, una presentaci\u00f3n conjunta con las Universidades de Am\u00e9rica y Andes en el Club Los Lagartos, en el que la[&hellip;]<\/p>\n","protected":false},"author":1,"featured_media":1866,"comment_status":"closed","ping_status":"closed","sticky":false,"template":"","format":"standard","meta":{"footnotes":""},"categories":[51],"tags":[7134,3656,3953,7142,7146,7139,2992,7141,7140,7133,7136,7135,5531,7137,7138,7143,7144,89,6966,2848,7145,3674],"class_list":["post-5415","post","type-post","status-publish","format-standard","has-post-thumbnail","hentry","category-cultura","tag-actividades-del-c-e-c-javeriano","tag-america","tag-andes","tag-carcel-de-mujeres-del-buen-pastor","tag-cec","tag-cec-javeriano","tag-club-de-estudiantes-cantores-javerianos","tag-club-los-lagartos","tag-colegio-de-mary-mount","tag-edicion-215","tag-jorge-rojas","tag-juramento-a-bolivar","tag-luis-antonio-escobar","tag-olav-roots","tag-orquesta-sinfonica-nacional","tag-p-angulo","tag-profesor-greenfield","tag-semana-javeriana","tag-septiembre-1964","tag-teatro-colon","tag-u-de-nueva-york","tag-universidad-de-america"],"acf":[],"_links":{"self":[{"href":"https:\/\/www.javeriana.edu.co\/repositorio-hoy-en-la-javeriana\/wp-json\/wp\/v2\/posts\/5415","targetHints":{"allow":["GET"]}}],"collection":[{"href":"https:\/\/www.javeriana.edu.co\/repositorio-hoy-en-la-javeriana\/wp-json\/wp\/v2\/posts"}],"about":[{"href":"https:\/\/www.javeriana.edu.co\/repositorio-hoy-en-la-javeriana\/wp-json\/wp\/v2\/types\/post"}],"author":[{"embeddable":true,"href":"https:\/\/www.javeriana.edu.co\/repositorio-hoy-en-la-javeriana\/wp-json\/wp\/v2\/users\/1"}],"replies":[{"embeddable":true,"href":"https:\/\/www.javeriana.edu.co\/repositorio-hoy-en-la-javeriana\/wp-json\/wp\/v2\/comments?post=5415"}],"version-history":[{"count":0,"href":"https:\/\/www.javeriana.edu.co\/repositorio-hoy-en-la-javeriana\/wp-json\/wp\/v2\/posts\/5415\/revisions"}],"wp:featuredmedia":[{"embeddable":true,"href":"https:\/\/www.javeriana.edu.co\/repositorio-hoy-en-la-javeriana\/wp-json\/wp\/v2\/media\/1866"}],"wp:attachment":[{"href":"https:\/\/www.javeriana.edu.co\/repositorio-hoy-en-la-javeriana\/wp-json\/wp\/v2\/media?parent=5415"}],"wp:term":[{"taxonomy":"category","embeddable":true,"href":"https:\/\/www.javeriana.edu.co\/repositorio-hoy-en-la-javeriana\/wp-json\/wp\/v2\/categories?post=5415"},{"taxonomy":"post_tag","embeddable":true,"href":"https:\/\/www.javeriana.edu.co\/repositorio-hoy-en-la-javeriana\/wp-json\/wp\/v2\/tags?post=5415"}],"curies":[{"name":"wp","href":"https:\/\/api.w.org\/{rel}","templated":true}]}}