{"id":5445,"date":"1964-10-09T09:07:54","date_gmt":"1964-10-09T14:07:54","guid":{"rendered":"https:\/\/masifica.co\/hoyenlajaveriana\/?p=5445"},"modified":"2019-09-04T09:09:09","modified_gmt":"2019-09-04T14:09:09","slug":"coros-javerianos","status":"publish","type":"post","link":"https:\/\/www.javeriana.edu.co\/repositorio-hoy-en-la-javeriana\/coros-javerianos\/","title":{"rendered":"Coros Javerianos"},"content":{"rendered":"<p>El 12 de octubre, en el Teatro Col\u00f3n, se estrenar\u00e1 la obra \u00abJuramento a Bol\u00edvar\u00bb, en Cantate Profana, con m\u00fasica del maestro Luis Antonio Escobar y poema de Jorge Rojas. La obra se presentar\u00e1 con coro masculino de 300 voces, y la Orquesta Sinf\u00f3nica dirigida por el maestro Olav Roots. Cabe destacar la importante colaboraci\u00f3n prestada por el Club de Estudiantes Cantores de la Universidad Javeriana, y por las autoridades de la misma, teniendo en cuenta que los ensayos generales se est\u00e1n llevando a cabo en nuestra sede.<\/p>\n","protected":false},"excerpt":{"rendered":"<p>El 12 de octubre, en el Teatro Col\u00f3n, se estrenar\u00e1 la obra \u00abJuramento a Bol\u00edvar\u00bb, en Cantate Profana, con m\u00fasica del maestro Luis Antonio Escobar y poema de Jorge Rojas. La obra se presentar\u00e1 con coro masculino de 300 voces, y la Orquesta Sinf\u00f3nica dirigida por el maestro Olav Roots. Cabe destacar la importante colaboraci\u00f3n prestada por el Club de Estudiantes Cantores de la Universidad Javeriana, y por las autoridades de la misma, teniendo en cuenta que los ensayos generales se est\u00e1n llevando a cabo en nuestra sede.<\/p>\n","protected":false},"author":1,"featured_media":1866,"comment_status":"closed","ping_status":"closed","sticky":false,"template":"","format":"standard","meta":{"footnotes":""},"categories":[51],"tags":[7255,3285,4894,7241,7136,5531,7177,7137,6806,2848,2530],"class_list":["post-5445","post","type-post","status-publish","format-standard","has-post-thumbnail","hentry","category-cultura","tag-cantate-profana","tag-club-de-estudiantes-cantores","tag-coros-javerianos","tag-edicion-218","tag-jorge-rojas","tag-luis-antonio-escobar","tag-octubre-1964","tag-olav-roots","tag-orquesta-sinfonica","tag-teatro-colon","tag-universidad-javeriana"],"acf":[],"_links":{"self":[{"href":"https:\/\/www.javeriana.edu.co\/repositorio-hoy-en-la-javeriana\/wp-json\/wp\/v2\/posts\/5445","targetHints":{"allow":["GET"]}}],"collection":[{"href":"https:\/\/www.javeriana.edu.co\/repositorio-hoy-en-la-javeriana\/wp-json\/wp\/v2\/posts"}],"about":[{"href":"https:\/\/www.javeriana.edu.co\/repositorio-hoy-en-la-javeriana\/wp-json\/wp\/v2\/types\/post"}],"author":[{"embeddable":true,"href":"https:\/\/www.javeriana.edu.co\/repositorio-hoy-en-la-javeriana\/wp-json\/wp\/v2\/users\/1"}],"replies":[{"embeddable":true,"href":"https:\/\/www.javeriana.edu.co\/repositorio-hoy-en-la-javeriana\/wp-json\/wp\/v2\/comments?post=5445"}],"version-history":[{"count":0,"href":"https:\/\/www.javeriana.edu.co\/repositorio-hoy-en-la-javeriana\/wp-json\/wp\/v2\/posts\/5445\/revisions"}],"wp:featuredmedia":[{"embeddable":true,"href":"https:\/\/www.javeriana.edu.co\/repositorio-hoy-en-la-javeriana\/wp-json\/wp\/v2\/media\/1866"}],"wp:attachment":[{"href":"https:\/\/www.javeriana.edu.co\/repositorio-hoy-en-la-javeriana\/wp-json\/wp\/v2\/media?parent=5445"}],"wp:term":[{"taxonomy":"category","embeddable":true,"href":"https:\/\/www.javeriana.edu.co\/repositorio-hoy-en-la-javeriana\/wp-json\/wp\/v2\/categories?post=5445"},{"taxonomy":"post_tag","embeddable":true,"href":"https:\/\/www.javeriana.edu.co\/repositorio-hoy-en-la-javeriana\/wp-json\/wp\/v2\/tags?post=5445"}],"curies":[{"name":"wp","href":"https:\/\/api.w.org\/{rel}","templated":true}]}}