{"id":5458,"date":"1964-10-16T09:37:49","date_gmt":"1964-10-16T14:37:49","guid":{"rendered":"https:\/\/masifica.co\/hoyenlajaveriana\/?p=5458"},"modified":"2019-09-04T09:39:44","modified_gmt":"2019-09-04T14:39:44","slug":"distincion-a-ex-javerianos","status":"publish","type":"post","link":"https:\/\/www.javeriana.edu.co\/repositorio-hoy-en-la-javeriana\/distincion-a-ex-javerianos\/","title":{"rendered":"Distinci\u00f3n a Ex-Javerianos"},"content":{"rendered":"<p>\u00abHoy en la Javeriana\u00bb se complace en anunciar el nombramiento hecho recientemente a los siguientes exalumnos javerianos: Gustavo Balc\u00e1zar Monz\u00f3n, Ministro de Agricultura.; Joaqu\u00edn Franco, Ministro de la Presidencia en Panam\u00e1; Jaime Afanador Tovar, Gobernador del Huila; Francisco Posada de la Pe\u00f1a, Gobernador del Atl\u00e1ntico; Jos\u00e9 Mar\u00eda Salazar Bucheli, Gobernador de Nari\u00f1o; Enrique Barco Guerrero, Gobernador de Santander del Sur; Ariel Armel, Jefe Nacional de Importaciones.<\/p>\n","protected":false},"excerpt":{"rendered":"<p>\u00abHoy en la Javeriana\u00bb se complace en anunciar el nombramiento hecho recientemente a los siguientes exalumnos javerianos: Gustavo Balc\u00e1zar Monz\u00f3n, Ministro de Agricultura.; Joaqu\u00edn Franco, Ministro de la Presidencia en Panam\u00e1; Jaime Afanador Tovar, Gobernador del Huila; Francisco Posada de la Pe\u00f1a, Gobernador del Atl\u00e1ntico; Jos\u00e9 Mar\u00eda Salazar Bucheli, Gobernador de Nari\u00f1o; Enrique Barco Guerrero, Gobernador de Santander del Sur; Ariel Armel, Jefe Nacional de Importaciones.<\/p>\n","protected":false},"author":1,"featured_media":1866,"comment_status":"closed","ping_status":"closed","sticky":false,"template":"","format":"standard","meta":{"footnotes":""},"categories":[105],"tags":[7276,7271,7266,7256,7274,7270,1771,3381,7269,7268,7267,7272,7273,7177,492,7275],"class_list":["post-5458","post","type-post","status-publish","format-standard","has-post-thumbnail","hentry","category-institucional","tag-ariel-armel","tag-atlantico","tag-distincion-a-ex-javerianos","tag-edicion-219","tag-enrique-barco-guerrero","tag-francisco-posada-de-la-pena","tag-gustavo-balcazar-monzon","tag-hoy-en-la-javeriana","tag-huila","tag-jaime-afanador-tovar","tag-joaquin-franco","tag-jose-maria-salazar-bucheli","tag-narino","tag-octubre-1964","tag-panama","tag-santander-del-sur"],"acf":[],"_links":{"self":[{"href":"https:\/\/www.javeriana.edu.co\/repositorio-hoy-en-la-javeriana\/wp-json\/wp\/v2\/posts\/5458","targetHints":{"allow":["GET"]}}],"collection":[{"href":"https:\/\/www.javeriana.edu.co\/repositorio-hoy-en-la-javeriana\/wp-json\/wp\/v2\/posts"}],"about":[{"href":"https:\/\/www.javeriana.edu.co\/repositorio-hoy-en-la-javeriana\/wp-json\/wp\/v2\/types\/post"}],"author":[{"embeddable":true,"href":"https:\/\/www.javeriana.edu.co\/repositorio-hoy-en-la-javeriana\/wp-json\/wp\/v2\/users\/1"}],"replies":[{"embeddable":true,"href":"https:\/\/www.javeriana.edu.co\/repositorio-hoy-en-la-javeriana\/wp-json\/wp\/v2\/comments?post=5458"}],"version-history":[{"count":0,"href":"https:\/\/www.javeriana.edu.co\/repositorio-hoy-en-la-javeriana\/wp-json\/wp\/v2\/posts\/5458\/revisions"}],"wp:featuredmedia":[{"embeddable":true,"href":"https:\/\/www.javeriana.edu.co\/repositorio-hoy-en-la-javeriana\/wp-json\/wp\/v2\/media\/1866"}],"wp:attachment":[{"href":"https:\/\/www.javeriana.edu.co\/repositorio-hoy-en-la-javeriana\/wp-json\/wp\/v2\/media?parent=5458"}],"wp:term":[{"taxonomy":"category","embeddable":true,"href":"https:\/\/www.javeriana.edu.co\/repositorio-hoy-en-la-javeriana\/wp-json\/wp\/v2\/categories?post=5458"},{"taxonomy":"post_tag","embeddable":true,"href":"https:\/\/www.javeriana.edu.co\/repositorio-hoy-en-la-javeriana\/wp-json\/wp\/v2\/tags?post=5458"}],"curies":[{"name":"wp","href":"https:\/\/api.w.org\/{rel}","templated":true}]}}