{"id":5467,"date":"1964-10-23T09:55:37","date_gmt":"1964-10-23T14:55:37","guid":{"rendered":"https:\/\/masifica.co\/hoyenlajaveriana\/?p=5467"},"modified":"2019-09-04T09:59:03","modified_gmt":"2019-09-04T14:59:03","slug":"famoso-electronico-visita-la-universidad","status":"publish","type":"post","link":"https:\/\/www.javeriana.edu.co\/repositorio-hoy-en-la-javeriana\/famoso-electronico-visita-la-universidad\/","title":{"rendered":"Famoso electr\u00f3nico visita la Universidad"},"content":{"rendered":"<p>El Profesor Leo Thourel, de la Escuela Superior de Aeron\u00e1utica de Par\u00eds, visit\u00f3 el lunes 19 de octubre la Facultad de Ingenier\u00eda Electr\u00f3nica. Admir\u00f3 mucho los laboratorios y prometi\u00f3 colaborar con la Facultad enviando libros y revistas franceses, dando posibilidad a los alumnos graduados de hacer estudios de especializaci\u00f3n en Francia y colaborando en el env\u00edo de profesores para la Facultad. Se planearon cursos especiales que se realizar\u00e1n el a\u00f1o entrante en los meses de junio, julio y agosto.<\/p>\n<p>Finalmente, el Dr. Thourel dict\u00f3 una interesant\u00edsima conferencia con proyecciones sobre los Radares Militares de Vigilancia. A dicha conferencia asistieron los Decanos y alumnos de los tres \u00faltimos a\u00f1os de la Facultad, y un nutrido grupo de alumnos de la Facultad de Ing. Electr\u00f3nica de la Universidad Distrital, y alumnos de Ing. El\u00e9ctrica de la Universidad de los Andes.<\/p>\n","protected":false},"excerpt":{"rendered":"<p>El Profesor Leo Thourel, de la Escuela Superior de Aeron\u00e1utica de Par\u00eds, visit\u00f3 el lunes 19 de octubre la Facultad de Ingenier\u00eda Electr\u00f3nica. Admir\u00f3 mucho los laboratorios y prometi\u00f3 colaborar con la Facultad enviando libros y revistas franceses, dando posibilidad a los alumnos graduados de hacer estudios de especializaci\u00f3n en Francia y colaborando en el env\u00edo de profesores para la Facultad. Se planearon cursos especiales que se realizar\u00e1n el a\u00f1o entrante en los meses de junio, julio y agosto. Finalmente, el Dr. Thourel dict\u00f3 una interesant\u00edsima conferencia con proyecciones sobre los Radares Militares de Vigilancia. A dicha conferencia asistieron los Decanos y alumnos de los tres \u00faltimos a\u00f1os de la Facultad, y un nutrido grupo de alumnos de la Facultad[&hellip;]<\/p>\n","protected":false},"author":1,"featured_media":1866,"comment_status":"closed","ping_status":"closed","sticky":false,"template":"","format":"standard","meta":{"footnotes":""},"categories":[39],"tags":[7287,7290,2574,7288,3986,7289,7177,2628,2935],"class_list":["post-5467","post","type-post","status-publish","format-standard","has-post-thumbnail","hentry","category-academia","tag-edicion-220","tag-escuela-superior-de-aeronautica-de-paris","tag-facultad-de-ingenieria-electronica","tag-famoso-electronico-visita-la-universidad","tag-francia","tag-leo-thourel","tag-octubre-1964","tag-universidad-de-los-andes","tag-universidad-distrital"],"acf":[],"_links":{"self":[{"href":"https:\/\/www.javeriana.edu.co\/repositorio-hoy-en-la-javeriana\/wp-json\/wp\/v2\/posts\/5467","targetHints":{"allow":["GET"]}}],"collection":[{"href":"https:\/\/www.javeriana.edu.co\/repositorio-hoy-en-la-javeriana\/wp-json\/wp\/v2\/posts"}],"about":[{"href":"https:\/\/www.javeriana.edu.co\/repositorio-hoy-en-la-javeriana\/wp-json\/wp\/v2\/types\/post"}],"author":[{"embeddable":true,"href":"https:\/\/www.javeriana.edu.co\/repositorio-hoy-en-la-javeriana\/wp-json\/wp\/v2\/users\/1"}],"replies":[{"embeddable":true,"href":"https:\/\/www.javeriana.edu.co\/repositorio-hoy-en-la-javeriana\/wp-json\/wp\/v2\/comments?post=5467"}],"version-history":[{"count":0,"href":"https:\/\/www.javeriana.edu.co\/repositorio-hoy-en-la-javeriana\/wp-json\/wp\/v2\/posts\/5467\/revisions"}],"wp:featuredmedia":[{"embeddable":true,"href":"https:\/\/www.javeriana.edu.co\/repositorio-hoy-en-la-javeriana\/wp-json\/wp\/v2\/media\/1866"}],"wp:attachment":[{"href":"https:\/\/www.javeriana.edu.co\/repositorio-hoy-en-la-javeriana\/wp-json\/wp\/v2\/media?parent=5467"}],"wp:term":[{"taxonomy":"category","embeddable":true,"href":"https:\/\/www.javeriana.edu.co\/repositorio-hoy-en-la-javeriana\/wp-json\/wp\/v2\/categories?post=5467"},{"taxonomy":"post_tag","embeddable":true,"href":"https:\/\/www.javeriana.edu.co\/repositorio-hoy-en-la-javeriana\/wp-json\/wp\/v2\/tags?post=5467"}],"curies":[{"name":"wp","href":"https:\/\/api.w.org\/{rel}","templated":true}]}}