{"id":5472,"date":"1964-10-23T15:58:09","date_gmt":"1964-10-23T20:58:09","guid":{"rendered":"https:\/\/masifica.co\/hoyenlajaveriana\/?p=5472"},"modified":"2019-09-04T16:03:23","modified_gmt":"2019-09-04T21:03:23","slug":"graduados-3","status":"publish","type":"post","link":"https:\/\/www.javeriana.edu.co\/repositorio-hoy-en-la-javeriana\/graduados-3\/","title":{"rendered":"Graduados"},"content":{"rendered":"<p><strong>Derecho:<\/strong> Jos\u00e9 Vicente Pi\u00f1eros T., J. Alberto Navas Sierra (Econom\u00eda) Ernesto Molano S\u00e1nchez, Jorge Restrepo Castro, Henry Guti\u00e9rrez Mu\u00f1oz, Gustavo Serrato Rossi, Nad\u00edn Ospina Morales, Fernando Vargas Garc\u00eda, Ricardo Arana Calle, Ernesto Pe\u00f1a Qui\u00f1ones, Guillermo N\u00fa\u00f1ez Vergara, Sergio Rodr\u00edguez Restrepo, Jaime E. Calder\u00f3n G\u00f3mez, Germ\u00e1n Plazas Casta\u00f1eda (Econom\u00eda), Joaqu\u00edn Boh\u00f3rquez Barona, David Barbosa Mutis (Econom\u00eda), Pedro Manuel Charria Angulo, Guillermo Pardo Koppel, No\u00e9l Rom\u00e1n Fl\u00f3rez, Felisa Rubio Quiroga, Germ\u00e1n Gonz\u00e1lez Cajiao, Rodrigo Vald\u00e9s Valle, Gloria Isabel Vargas A., William Ja ramillo Mej\u00eda, Amelia Barrera de G\u00e1faro, Enrique Forero Ortiz, Mago la Guerra Quintero, Jorge Botero Ramos, Jorge Alberto Montalvo Burgos, Santiago A. Diago Garc\u00eda, Bernardo Restrepo Daeghsel, Alberto D\u00edaz del Castillo Zarama.<\/p>\n<p>&nbsp;<\/p>\n<p>&nbsp;<\/p>\n","protected":false},"excerpt":{"rendered":"<p>Derecho: Jos\u00e9 Vicente Pi\u00f1eros T., J. Alberto Navas Sierra (Econom\u00eda) Ernesto Molano S\u00e1nchez, Jorge Restrepo Castro, Henry Guti\u00e9rrez Mu\u00f1oz, Gustavo Serrato Rossi, Nad\u00edn Ospina Morales, Fernando Vargas Garc\u00eda, Ricardo Arana Calle, Ernesto Pe\u00f1a Qui\u00f1ones, Guillermo N\u00fa\u00f1ez Vergara, Sergio Rodr\u00edguez Restrepo, Jaime E. Calder\u00f3n G\u00f3mez, Germ\u00e1n Plazas Casta\u00f1eda (Econom\u00eda), Joaqu\u00edn Boh\u00f3rquez Barona, David Barbosa Mutis (Econom\u00eda), Pedro Manuel Charria Angulo, Guillermo Pardo Koppel, No\u00e9l Rom\u00e1n Fl\u00f3rez, Felisa Rubio Quiroga, Germ\u00e1n Gonz\u00e1lez Cajiao, Rodrigo Vald\u00e9s Valle, Gloria Isabel Vargas A., William Ja ramillo Mej\u00eda, Amelia Barrera de G\u00e1faro, Enrique Forero Ortiz, Mago la Guerra Quintero, Jorge Botero Ramos, Jorge Alberto Montalvo Burgos, Santiago A. Diago Garc\u00eda, Bernardo Restrepo Daeghsel, Alberto D\u00edaz del Castillo Zarama. &nbsp; &nbsp;<\/p>\n","protected":false},"author":1,"featured_media":1866,"comment_status":"closed","ping_status":"closed","sticky":false,"template":"","format":"standard","meta":{"footnotes":""},"categories":[39],"tags":[7331,7324,7330,7315,7287,7325,7302,7309,7319,7307,7320,7313,7322,7192,7310,7317,7305,7304,7301,7312,7314,7328,7327,7303,7300,7326,7306,7318,7177,7316,7308,7321,7329,7311,7323],"class_list":["post-5472","post","type-post","status-publish","format-standard","has-post-thumbnail","hentry","category-academia","tag-alberto-diaz-del-castillo-zarama","tag-amelia-barrera-de-gafaro","tag-bernardo-restrepo-daeghsel","tag-david-barbosa-mutis","tag-edicion-220","tag-enrique-forero-ortiz","tag-ernesto-molano-sanchez","tag-ernesto-pena-quinones","tag-felisa-rubio-quiroga","tag-fernando-vargas-garcia","tag-german-gonzalez-cajiao","tag-german-plazas-castaneda","tag-gloria-isabel-vargas-a","tag-graduados","tag-guillermo-nunez-vergara","tag-guillermo-pardo-koppel","tag-gustavo-serrato-rossi","tag-henry-gutierrez-munoz","tag-j-alberto-navas-sierra","tag-jaime-e-calderon-gomez","tag-joaquin-bohorquez-barona","tag-jorge-alberto-montalvo-burgos","tag-jorge-botero-ramos","tag-jorge-restrepo-castro","tag-jose-vicente-pineros-t","tag-mago-la-guerra-quintero","tag-nadin-ospina-morales","tag-noel-roman-florez","tag-octubre-1964","tag-pedro-manuel-charria-angulo","tag-ricardo-arana-calle","tag-rodrigo-valdes-valle","tag-santiago-a-diago-garcia","tag-sergio-rodriguez-restrepo","tag-william-ja-ramillo-mejia"],"acf":[],"_links":{"self":[{"href":"https:\/\/www.javeriana.edu.co\/repositorio-hoy-en-la-javeriana\/wp-json\/wp\/v2\/posts\/5472","targetHints":{"allow":["GET"]}}],"collection":[{"href":"https:\/\/www.javeriana.edu.co\/repositorio-hoy-en-la-javeriana\/wp-json\/wp\/v2\/posts"}],"about":[{"href":"https:\/\/www.javeriana.edu.co\/repositorio-hoy-en-la-javeriana\/wp-json\/wp\/v2\/types\/post"}],"author":[{"embeddable":true,"href":"https:\/\/www.javeriana.edu.co\/repositorio-hoy-en-la-javeriana\/wp-json\/wp\/v2\/users\/1"}],"replies":[{"embeddable":true,"href":"https:\/\/www.javeriana.edu.co\/repositorio-hoy-en-la-javeriana\/wp-json\/wp\/v2\/comments?post=5472"}],"version-history":[{"count":0,"href":"https:\/\/www.javeriana.edu.co\/repositorio-hoy-en-la-javeriana\/wp-json\/wp\/v2\/posts\/5472\/revisions"}],"wp:featuredmedia":[{"embeddable":true,"href":"https:\/\/www.javeriana.edu.co\/repositorio-hoy-en-la-javeriana\/wp-json\/wp\/v2\/media\/1866"}],"wp:attachment":[{"href":"https:\/\/www.javeriana.edu.co\/repositorio-hoy-en-la-javeriana\/wp-json\/wp\/v2\/media?parent=5472"}],"wp:term":[{"taxonomy":"category","embeddable":true,"href":"https:\/\/www.javeriana.edu.co\/repositorio-hoy-en-la-javeriana\/wp-json\/wp\/v2\/categories?post=5472"},{"taxonomy":"post_tag","embeddable":true,"href":"https:\/\/www.javeriana.edu.co\/repositorio-hoy-en-la-javeriana\/wp-json\/wp\/v2\/tags?post=5472"}],"curies":[{"name":"wp","href":"https:\/\/api.w.org\/{rel}","templated":true}]}}