{"id":5480,"date":"1964-10-27T16:34:03","date_gmt":"1964-10-27T21:34:03","guid":{"rendered":"https:\/\/masifica.co\/hoyenlajaveriana\/?p=5480"},"modified":"2019-09-04T16:44:30","modified_gmt":"2019-09-04T21:44:30","slug":"cursos-para-1965","status":"publish","type":"post","link":"https:\/\/www.javeriana.edu.co\/repositorio-hoy-en-la-javeriana\/cursos-para-1965\/","title":{"rendered":"Cursos para 1965"},"content":{"rendered":"<p>En los diarios capitalinos circula la informaci\u00f3n de fechas para los cursos de 1965. Sobre \u00abUltimo d\u00eda de inscripciones\u00bb hay que notar que la Facultad que cierra m\u00e1s pronto es la de Derecho, que lo har\u00e1 el 24 del pr\u00f3ximo mes; otras como Arquitectura y sus departamentos y Medicina, lo har\u00e1n el 28 del mismo mes. Los primeros ex\u00e1menes de admisi\u00f3n los verificar\u00e1n las Facultades de Derecho, Medicina, Ingenier\u00eda Electr\u00f3nica, Arquitectura, Econom\u00eda, Ingenier\u00eda Civil, Enfermer\u00eda y Ciencias de la Educaci\u00f3n, desde el d\u00eda 27 de noviembre hasta el 16 de diciembre. Se nota que por primera vez, todas las unidades docentes de tiempo completo, iniciar\u00e1n sus clases el d\u00eda 9 de febrero; esto supone la verificaci\u00f3n de las matriculas, en su mayor\u00eda, en la primera semana de febrero. Consignar con anticipaci\u00f3n el valor de la matr\u00edcula es ayudar, en gran manera, a agilizar el trabajo de aquellos d\u00edas, en favor de la Sindicatura.<\/p>\n","protected":false},"excerpt":{"rendered":"<p>En los diarios capitalinos circula la informaci\u00f3n de fechas para los cursos de 1965. Sobre \u00abUltimo d\u00eda de inscripciones\u00bb hay que notar que la Facultad que cierra m\u00e1s pronto es la de Derecho, que lo har\u00e1 el 24 del pr\u00f3ximo mes; otras como Arquitectura y sus departamentos y Medicina, lo har\u00e1n el 28 del mismo mes. Los primeros ex\u00e1menes de admisi\u00f3n los verificar\u00e1n las Facultades de Derecho, Medicina, Ingenier\u00eda Electr\u00f3nica, Arquitectura, Econom\u00eda, Ingenier\u00eda Civil, Enfermer\u00eda y Ciencias de la Educaci\u00f3n, desde el d\u00eda 27 de noviembre hasta el 16 de diciembre. Se nota que por primera vez, todas las unidades docentes de tiempo completo, iniciar\u00e1n sus clases el d\u00eda 9 de febrero; esto supone la verificaci\u00f3n de las matriculas, en[&hellip;]<\/p>\n","protected":false},"author":1,"featured_media":1866,"comment_status":"closed","ping_status":"closed","sticky":false,"template":"","format":"standard","meta":{"footnotes":""},"categories":[39],"tags":[116,5232,7337,126,926,7332,79,4610,283,374,72,7177,7338,2530],"class_list":["post-5480","post","type-post","status-publish","format-standard","has-post-thumbnail","hentry","category-academia","tag-arquitectura","tag-ciencias-de-la-educacion","tag-cursos-para-1965","tag-derecho","tag-economia","tag-edicion-221","tag-enfermeria","tag-facultades-de-derecho","tag-ingenieria-civil","tag-ingenieria-electronica","tag-medicina","tag-octubre-1964","tag-sindicatura","tag-universidad-javeriana"],"acf":[],"_links":{"self":[{"href":"https:\/\/www.javeriana.edu.co\/repositorio-hoy-en-la-javeriana\/wp-json\/wp\/v2\/posts\/5480","targetHints":{"allow":["GET"]}}],"collection":[{"href":"https:\/\/www.javeriana.edu.co\/repositorio-hoy-en-la-javeriana\/wp-json\/wp\/v2\/posts"}],"about":[{"href":"https:\/\/www.javeriana.edu.co\/repositorio-hoy-en-la-javeriana\/wp-json\/wp\/v2\/types\/post"}],"author":[{"embeddable":true,"href":"https:\/\/www.javeriana.edu.co\/repositorio-hoy-en-la-javeriana\/wp-json\/wp\/v2\/users\/1"}],"replies":[{"embeddable":true,"href":"https:\/\/www.javeriana.edu.co\/repositorio-hoy-en-la-javeriana\/wp-json\/wp\/v2\/comments?post=5480"}],"version-history":[{"count":0,"href":"https:\/\/www.javeriana.edu.co\/repositorio-hoy-en-la-javeriana\/wp-json\/wp\/v2\/posts\/5480\/revisions"}],"wp:featuredmedia":[{"embeddable":true,"href":"https:\/\/www.javeriana.edu.co\/repositorio-hoy-en-la-javeriana\/wp-json\/wp\/v2\/media\/1866"}],"wp:attachment":[{"href":"https:\/\/www.javeriana.edu.co\/repositorio-hoy-en-la-javeriana\/wp-json\/wp\/v2\/media?parent=5480"}],"wp:term":[{"taxonomy":"category","embeddable":true,"href":"https:\/\/www.javeriana.edu.co\/repositorio-hoy-en-la-javeriana\/wp-json\/wp\/v2\/categories?post=5480"},{"taxonomy":"post_tag","embeddable":true,"href":"https:\/\/www.javeriana.edu.co\/repositorio-hoy-en-la-javeriana\/wp-json\/wp\/v2\/tags?post=5480"}],"curies":[{"name":"wp","href":"https:\/\/api.w.org\/{rel}","templated":true}]}}