{"id":5498,"date":"1964-11-06T09:00:24","date_gmt":"1964-11-06T14:00:24","guid":{"rendered":"https:\/\/masifica.co\/hoyenlajaveriana\/?p=5498"},"modified":"2019-09-05T09:03:23","modified_gmt":"2019-09-05T14:03:23","slug":"graduados-5","status":"publish","type":"post","link":"https:\/\/www.javeriana.edu.co\/repositorio-hoy-en-la-javeriana\/graduados-5\/","title":{"rendered":"Graduados"},"content":{"rendered":"<p>MEDICINA: Alvaro Socarr\u00e1s Schooll, Jos\u00e9 Mar\u00eda Rodr\u00edguez Duarte, Alvaro Mesa Ar\u00e9valo, Alfredo J\u00e1come Roca, Alberto Hayek D\u00edaz, Olga de Heredia de D\u00e1vila, Julio Vigna Pisciotti, Bernardo Tovar G\u00f3mez, Jorge Humberto Caycedo Pedroza, Suzanne Meleg de Smith, Ligia Guti\u00e9rrez de Solano, N\u00e9stor Vargas Moreno, Hern\u00e1n Torres Iregui, Erika Cuervo de Torres, Jaime Enrique Caballero Corvacho, Eduardo Solano Mart\u00ednez, H\u00e9ctor Garc\u00eda Bernal, Arturo Morales Bedoya, Eduardo A. Garc\u00eda Rueda, Jaime Cadena Burgos, H\u00e9ctor Dar\u00edo Prieto C., Jorge E. M\u00e9ndez M\u00e9ndez, Germ\u00e1n Pe\u00f1a Qui\u00f1ones, Jorge Vargas Venegas, Fernando Vargas Cortas, Ricardo Hermida Izquierdo, Eduardo Bonilla Mesa, Jaime Alberto D\u00edaz Copete, Germ\u00e1n A. Espitia Reyna, Hern\u00e1n Escobar Rengifo, Francisco Ram\u00edrez Salgado, Mario Vallecilla Borrero, Vito El\u00edas Alfonso M., Mario Espinel Rigueros, Carlos Eduardo M\u00e9ndez Velandia, Hernando Gonz\u00e1lez Pinilla, H\u00e9ctor Hugo Alvarez L\u00f3pez, Jos\u00e9 Alberto Garc\u00eda Cabrera, Jorge W. Olaciregui Steel.<\/p>\n<p>NUTRICION Y DIET\u00c9TICA: Aura Victoria Orozco de Parada, Elvira Alonso, Esther Arteaga, Melba Casta\u00f1o, Emma Contreras, Carmen Dur\u00e1n, Teresa Miranda, Emilia Parra, Elsa Rodr\u00edguez, B\u00e1rbara Rueda, Dolly Tejada, Mar\u00eda A. Vargas.<\/p>\n<p>BACTERIOLOG\u00cdA: Fanny E. Due\u00f1as, Cecilia M\u00e9ndez M., Libia M. de Flyn, Libia Restrepo D., Mar\u00eda E. Espinosa, Herminia Palma, In\u00e9s Trespalacios, Beatriz Saravia, Consuelo E. Lince, Berenice Santacruz, Rosaura Coral A., Doris Ca\u00f1izales, Cecilia Jim\u00e9nez, Nora Castro de la Hoz, Mar\u00eda Elisa Torres Gait\u00e1n.<\/p>\n<p>&nbsp;<\/p>\n<p>&nbsp;<\/p>\n","protected":false},"excerpt":{"rendered":"<p>MEDICINA: Alvaro Socarr\u00e1s Schooll, Jos\u00e9 Mar\u00eda Rodr\u00edguez Duarte, Alvaro Mesa Ar\u00e9valo, Alfredo J\u00e1come Roca, Alberto Hayek D\u00edaz, Olga de Heredia de D\u00e1vila, Julio Vigna Pisciotti, Bernardo Tovar G\u00f3mez, Jorge Humberto Caycedo Pedroza, Suzanne Meleg de Smith, Ligia Guti\u00e9rrez de Solano, N\u00e9stor Vargas Moreno, Hern\u00e1n Torres Iregui, Erika Cuervo de Torres, Jaime Enrique Caballero Corvacho, Eduardo Solano Mart\u00ednez, H\u00e9ctor Garc\u00eda Bernal, Arturo Morales Bedoya, Eduardo A. Garc\u00eda Rueda, Jaime Cadena Burgos, H\u00e9ctor Dar\u00edo Prieto C., Jorge E. M\u00e9ndez M\u00e9ndez, Germ\u00e1n Pe\u00f1a Qui\u00f1ones, Jorge Vargas Venegas, Fernando Vargas Cortas, Ricardo Hermida Izquierdo, Eduardo Bonilla Mesa, Jaime Alberto D\u00edaz Copete, Germ\u00e1n A. Espitia Reyna, Hern\u00e1n Escobar Rengifo, Francisco Ram\u00edrez Salgado, Mario Vallecilla Borrero, Vito El\u00edas Alfonso M., Mario Espinel Rigueros, Carlos Eduardo M\u00e9ndez[&hellip;]<\/p>\n","protected":false},"author":1,"featured_media":1866,"comment_status":"closed","ping_status":"closed","sticky":false,"template":"","format":"standard","meta":{"footnotes":""},"categories":[39],"tags":[7444,1535,7443,7441,7456,7478,76,6638,7488,7392,7447,7473,6632,7492,7482,7489,6639,7491,7434,7457,7465,7455,7479,6630,6636,6634,7453,6631,7481,7463,7469,7467,7461,7192,7459,1916,7475,7486,7468,7452,7474,7487,7466,7458,7454,7460,7448,7462,7477,7476,7442,7446,7483,7484,7450,7480,7485,7494,7472,7470,72,6633,7451,7493,7435,928,7445,7464,7490,7449,6635,2530,7471],"class_list":["post-5498","post","type-post","status-publish","format-standard","has-post-thumbnail","hentry","category-academia","tag-alberto-hayek-diaz","tag-alfredo-jacome-roca","tag-alvaro-mesa-arevalo","tag-alvaro-socarras-schooll","tag-arturo-morales-bedoya","tag-aura-victoria-orozco-de-parada","tag-bacteriologia","tag-barbara-rueda","tag-beatriz-saravia","tag-berenice-santacruz","tag-bernardo-tovar-gomez","tag-carlos-eduardo-mendez-velandia","tag-carmen-duran","tag-cecilia-jimenez","tag-cecilia-mendez-m","tag-consuelo-e-lince","tag-dolly-tejada","tag-doris-canizales","tag-edicion-223","tag-eduardo-a-garcia-rueda","tag-eduardo-bonilla-mesa","tag-eduardo-solano-martinez","tag-elsa-rodriguez","tag-elvira-alonso","tag-emilia-parra","tag-emma-contreras","tag-erika-cuervo-de-torres","tag-esther-arteaga","tag-fanny-e-duenas","tag-fernando-vargas-cortas","tag-francisco-ramirez-salgado","tag-german-a-espitia-reyna","tag-german-pena-quinones","tag-graduados","tag-hector-dario-prieto-c","tag-hector-garcia-bernal","tag-hector-hugo-alvarez-lopez","tag-herminia-palma","tag-hernan-escobar-rengifo","tag-hernan-torres-iregui","tag-hernando-gonzalez-pinilla","tag-ines-trespalacios","tag-jaime-alberto-diaz-copete","tag-jaime-cadena-burgos","tag-jaime-enrique-caballero-corvacho","tag-jorge-e-mendez-mendez","tag-jorge-humberto-caycedo-pedroza","tag-jorge-vargas-venegas","tag-jorge-w-olaciregui-steel","tag-jose-alberto-garcia-cabrera","tag-jose-maria-rodriguez-duarte","tag-julio-vigna-pisciotti","tag-libia-m-de-flyn","tag-libia-restrepo-d","tag-ligia-gutierrez-de-solano","tag-maria-a-vargas","tag-maria-e-espinosa","tag-maria-elisa-torres-gaitan","tag-mario-espinel-rigueros","tag-mario-vallecilla-borrero","tag-medicina","tag-melba-castano","tag-nestor-vargas-moreno","tag-nora-castro-de-la-hoz","tag-noviembre-1964","tag-nutricion-y-dietetica","tag-olga-de-heredia-de-davila","tag-ricardo-hermida-izquierdo","tag-rosaura-coral-a","tag-suzanne-meleg-de-smith","tag-teresa-miranda","tag-universidad-javeriana","tag-vito-elias-alfonso-m"],"acf":[],"_links":{"self":[{"href":"https:\/\/www.javeriana.edu.co\/repositorio-hoy-en-la-javeriana\/wp-json\/wp\/v2\/posts\/5498","targetHints":{"allow":["GET"]}}],"collection":[{"href":"https:\/\/www.javeriana.edu.co\/repositorio-hoy-en-la-javeriana\/wp-json\/wp\/v2\/posts"}],"about":[{"href":"https:\/\/www.javeriana.edu.co\/repositorio-hoy-en-la-javeriana\/wp-json\/wp\/v2\/types\/post"}],"author":[{"embeddable":true,"href":"https:\/\/www.javeriana.edu.co\/repositorio-hoy-en-la-javeriana\/wp-json\/wp\/v2\/users\/1"}],"replies":[{"embeddable":true,"href":"https:\/\/www.javeriana.edu.co\/repositorio-hoy-en-la-javeriana\/wp-json\/wp\/v2\/comments?post=5498"}],"version-history":[{"count":0,"href":"https:\/\/www.javeriana.edu.co\/repositorio-hoy-en-la-javeriana\/wp-json\/wp\/v2\/posts\/5498\/revisions"}],"wp:featuredmedia":[{"embeddable":true,"href":"https:\/\/www.javeriana.edu.co\/repositorio-hoy-en-la-javeriana\/wp-json\/wp\/v2\/media\/1866"}],"wp:attachment":[{"href":"https:\/\/www.javeriana.edu.co\/repositorio-hoy-en-la-javeriana\/wp-json\/wp\/v2\/media?parent=5498"}],"wp:term":[{"taxonomy":"category","embeddable":true,"href":"https:\/\/www.javeriana.edu.co\/repositorio-hoy-en-la-javeriana\/wp-json\/wp\/v2\/categories?post=5498"},{"taxonomy":"post_tag","embeddable":true,"href":"https:\/\/www.javeriana.edu.co\/repositorio-hoy-en-la-javeriana\/wp-json\/wp\/v2\/tags?post=5498"}],"curies":[{"name":"wp","href":"https:\/\/api.w.org\/{rel}","templated":true}]}}