{"id":5532,"date":"1965-02-19T12:40:30","date_gmt":"1965-02-19T17:40:30","guid":{"rendered":"https:\/\/masifica.co\/hoyenlajaveriana\/?p=5532"},"modified":"2019-09-05T12:42:38","modified_gmt":"2019-09-05T17:42:38","slug":"nuevo-decano","status":"publish","type":"post","link":"https:\/\/www.javeriana.edu.co\/repositorio-hoy-en-la-javeriana\/nuevo-decano\/","title":{"rendered":"Nuevo decano"},"content":{"rendered":"<p>El Dr. Carlos Trujillo ha sido nombrado Decano de Estudios de la Facultad de Ingenier\u00eda Electr\u00f3nica. El \u00faltimo cargo que desempe\u00f1\u00f3 fue el de Decano de Ingenier\u00eda El\u00e9ctrica de la Universidad del Valle en Diciembre de 1964 se traslad\u00f3 a Bogot\u00e1, desde principios de este a\u00f1o se vincul\u00f3 a la Universidad Javeriana.<\/p>\n","protected":false},"excerpt":{"rendered":"<p>El Dr. Carlos Trujillo ha sido nombrado Decano de Estudios de la Facultad de Ingenier\u00eda Electr\u00f3nica. El \u00faltimo cargo que desempe\u00f1\u00f3 fue el de Decano de Ingenier\u00eda El\u00e9ctrica de la Universidad del Valle en Diciembre de 1964 se traslad\u00f3 a Bogot\u00e1, desde principios de este a\u00f1o se vincul\u00f3 a la Universidad Javeriana.<\/p>\n","protected":false},"author":1,"featured_media":1866,"comment_status":"closed","ping_status":"closed","sticky":false,"template":"","format":"standard","meta":{"footnotes":""},"categories":[39],"tags":[472,2401,7524,2574,7519,2872,7537,2630,2530],"class_list":["post-5532","post","type-post","status-publish","format-standard","has-post-thumbnail","hentry","category-academia","tag-bogota","tag-carlos-trujillo","tag-edicion-226","tag-facultad-de-ingenieria-electronica","tag-febrero-1965","tag-javeriana","tag-nuevo-decano","tag-universidad-del-valle","tag-universidad-javeriana"],"acf":[],"_links":{"self":[{"href":"https:\/\/www.javeriana.edu.co\/repositorio-hoy-en-la-javeriana\/wp-json\/wp\/v2\/posts\/5532","targetHints":{"allow":["GET"]}}],"collection":[{"href":"https:\/\/www.javeriana.edu.co\/repositorio-hoy-en-la-javeriana\/wp-json\/wp\/v2\/posts"}],"about":[{"href":"https:\/\/www.javeriana.edu.co\/repositorio-hoy-en-la-javeriana\/wp-json\/wp\/v2\/types\/post"}],"author":[{"embeddable":true,"href":"https:\/\/www.javeriana.edu.co\/repositorio-hoy-en-la-javeriana\/wp-json\/wp\/v2\/users\/1"}],"replies":[{"embeddable":true,"href":"https:\/\/www.javeriana.edu.co\/repositorio-hoy-en-la-javeriana\/wp-json\/wp\/v2\/comments?post=5532"}],"version-history":[{"count":0,"href":"https:\/\/www.javeriana.edu.co\/repositorio-hoy-en-la-javeriana\/wp-json\/wp\/v2\/posts\/5532\/revisions"}],"wp:featuredmedia":[{"embeddable":true,"href":"https:\/\/www.javeriana.edu.co\/repositorio-hoy-en-la-javeriana\/wp-json\/wp\/v2\/media\/1866"}],"wp:attachment":[{"href":"https:\/\/www.javeriana.edu.co\/repositorio-hoy-en-la-javeriana\/wp-json\/wp\/v2\/media?parent=5532"}],"wp:term":[{"taxonomy":"category","embeddable":true,"href":"https:\/\/www.javeriana.edu.co\/repositorio-hoy-en-la-javeriana\/wp-json\/wp\/v2\/categories?post=5532"},{"taxonomy":"post_tag","embeddable":true,"href":"https:\/\/www.javeriana.edu.co\/repositorio-hoy-en-la-javeriana\/wp-json\/wp\/v2\/tags?post=5532"}],"curies":[{"name":"wp","href":"https:\/\/api.w.org\/{rel}","templated":true}]}}