{"id":5614,"date":"1965-03-12T11:43:36","date_gmt":"1965-03-12T16:43:36","guid":{"rendered":"https:\/\/masifica.co\/hoyenlajaveriana\/?p=5614"},"modified":"2019-09-06T12:15:12","modified_gmt":"2019-09-06T17:15:12","slug":"el-departamento-de-ciencias-biologicas","status":"publish","type":"post","link":"https:\/\/www.javeriana.edu.co\/repositorio-hoy-en-la-javeriana\/el-departamento-de-ciencias-biologicas\/","title":{"rendered":"El Departamento de Ciencias Biol\u00f3gicas"},"content":{"rendered":"<p>Con el deseo de llevar adelante la estructuraci\u00f3n de Ciencias B\u00e1sicas, la Universidad Javeriana ha nombrado Jefe del Departamento de Ciencias Biol\u00f3gicas al Dr. Eduardo Angel. El Dr. Angel se gradu\u00f3 y se laure\u00f3 m\u00e9dico javeriano en el a\u00f1o 1960, estudi\u00f3 en la Universidad del Valle con una beca de la Javeriana. Despu\u00e9s fue escogida por la Universidad Javeriana para recibir una beca de la Fundaci\u00f3n Rockefeller para estudios en la Universidad de Tulane. Finalmente, fue becado por la Universidad de Tulane durante un semestre, para estudios de investigaciones sobre enfermedades infecciosas. El Dr. Angel regres\u00f3 a la Javeriana con el grado de Master en Microbiolog\u00eda y fue asignado como coordinador del Departamento de Microbiolog\u00eda de la Facultad de Medicina.<\/p>\n<p>Gracias a la cooperaci\u00f3n del Dr. Bernardo Moreno Mej\u00eda, fue posible coordinar un plan de trabajo con la Facultad de Medicina, lo cual permiti\u00f3 al Dr. Angel ponerse al frente del Departamento de Ciencias Biol\u00f3gicas y de la Escuela de Bacteriolog\u00eda. Al lado de los nuevos programas del Departamento de Ciencias Biol\u00f3gicas, y con la activa ayuda del Profesor Visitante Dr. J.A. Ramos, tambi\u00e9n se han iniciado algunas modificaciones en el pensum de la Escuela de Bacteriolog\u00eda, haciendo posible, de esta manera, que tanto el Departamento de Ciencias Biol\u00f3gicas como la Escuela de Bacteriolog\u00eda, se presten mutuos servicios y se beneficien de sus profesores y de los magn\u00edficos equipos que cada una de estas entidades ha ido aportando. Es justo apreciar aqu\u00ed la desinteresada labor ejecutada por el Dr. Jaime G\u00f3mez Salazar, quien durante 18 a\u00f1os fuera Director de la Escuela de Bacteriolog\u00eda, y quien se retir\u00f3 llev\u00e1ndose el aprecio de la Universidad y particularmente de su Escuela de Bacteriolog\u00eda.<\/p>\n","protected":false},"excerpt":{"rendered":"<p>Con el deseo de llevar adelante la estructuraci\u00f3n de Ciencias B\u00e1sicas, la Universidad Javeriana ha nombrado Jefe del Departamento de Ciencias Biol\u00f3gicas al Dr. Eduardo Angel. El Dr. Angel se gradu\u00f3 y se laure\u00f3 m\u00e9dico javeriano en el a\u00f1o 1960, estudi\u00f3 en la Universidad del Valle con una beca de la Javeriana. Despu\u00e9s fue escogida por la Universidad Javeriana para recibir una beca de la Fundaci\u00f3n Rockefeller para estudios en la Universidad de Tulane. Finalmente, fue becado por la Universidad de Tulane durante un semestre, para estudios de investigaciones sobre enfermedades infecciosas. El Dr. Angel regres\u00f3 a la Javeriana con el grado de Master en Microbiolog\u00eda y fue asignado como coordinador del Departamento de Microbiolog\u00eda de la Facultad de Medicina.[&hellip;]<\/p>\n","protected":false},"author":2,"featured_media":1866,"comment_status":"closed","ping_status":"closed","sticky":false,"template":"","format":"standard","meta":{"footnotes":""},"categories":[39],"tags":[395,5262,7528,7240,7576,7073,7579,3627,97,96,6567,3626,2872,7560,233,2630,2530],"class_list":["post-5614","post","type-post","status-publish","format-standard","has-post-thumbnail","hentry","category-academia","tag-bernardo-moreno-mejia","tag-ciencias-basicas","tag-departamento-de-ciencias-biologicas","tag-departamento-de-microbiologia","tag-edicion-231","tag-eduardo-angel","tag-el-departamento-de-ciencias-biologicas","tag-escuela-de-bacteriologia","tag-facultad-de-medicina","tag-fundacion-rockefeller","tag-j-a-ramos","tag-jaime-gomez-salazar","tag-javeriana","tag-marzo-1965","tag-universidad-de-tulane","tag-universidad-del-valle","tag-universidad-javeriana"],"acf":[],"_links":{"self":[{"href":"https:\/\/www.javeriana.edu.co\/repositorio-hoy-en-la-javeriana\/wp-json\/wp\/v2\/posts\/5614","targetHints":{"allow":["GET"]}}],"collection":[{"href":"https:\/\/www.javeriana.edu.co\/repositorio-hoy-en-la-javeriana\/wp-json\/wp\/v2\/posts"}],"about":[{"href":"https:\/\/www.javeriana.edu.co\/repositorio-hoy-en-la-javeriana\/wp-json\/wp\/v2\/types\/post"}],"author":[{"embeddable":true,"href":"https:\/\/www.javeriana.edu.co\/repositorio-hoy-en-la-javeriana\/wp-json\/wp\/v2\/users\/2"}],"replies":[{"embeddable":true,"href":"https:\/\/www.javeriana.edu.co\/repositorio-hoy-en-la-javeriana\/wp-json\/wp\/v2\/comments?post=5614"}],"version-history":[{"count":0,"href":"https:\/\/www.javeriana.edu.co\/repositorio-hoy-en-la-javeriana\/wp-json\/wp\/v2\/posts\/5614\/revisions"}],"wp:featuredmedia":[{"embeddable":true,"href":"https:\/\/www.javeriana.edu.co\/repositorio-hoy-en-la-javeriana\/wp-json\/wp\/v2\/media\/1866"}],"wp:attachment":[{"href":"https:\/\/www.javeriana.edu.co\/repositorio-hoy-en-la-javeriana\/wp-json\/wp\/v2\/media?parent=5614"}],"wp:term":[{"taxonomy":"category","embeddable":true,"href":"https:\/\/www.javeriana.edu.co\/repositorio-hoy-en-la-javeriana\/wp-json\/wp\/v2\/categories?post=5614"},{"taxonomy":"post_tag","embeddable":true,"href":"https:\/\/www.javeriana.edu.co\/repositorio-hoy-en-la-javeriana\/wp-json\/wp\/v2\/tags?post=5614"}],"curies":[{"name":"wp","href":"https:\/\/api.w.org\/{rel}","templated":true}]}}