{"id":5709,"date":"1965-04-06T17:19:48","date_gmt":"1965-04-06T22:19:48","guid":{"rendered":"https:\/\/masifica.co\/hoyenlajaveriana\/?p=5709"},"modified":"2019-09-11T17:30:02","modified_gmt":"2019-09-11T22:30:02","slug":"william-blake","status":"publish","type":"post","link":"https:\/\/www.javeriana.edu.co\/repositorio-hoy-en-la-javeriana\/william-blake\/","title":{"rendered":"William Blake"},"content":{"rendered":"<p>El jueves 1o. de abril, en las horas de la noche, falleci\u00f3 en la ciudad de Hyattsville, Maryland, el Sr. William R. Blake, quien por espacio de cuatro a\u00f1os y medio ocup\u00f3 la Gerencia General de Icollantas en Colombia. El Sr. Blake naci\u00f3 en Washington D.C., el 19 de abril de 1916; hizo sus estudios en la Universidad de Maryland y luego ocup\u00f3 posiciones en la divisi\u00f3n dom\u00e9stica de la Goodrich y como Representante de esa firma en Washington.<\/p>\n<p>Durante la segunda guerra mundial perteneci\u00f3 a la Infanter\u00eda de Marina de los Estados Unidos; m\u00e1s tarde ocup\u00f3 la Gerencia General de la International B.F. Goodrich en Puerto Rico, de donde vino como Gerente General de Icollantas a Colombia.<\/p>\n<p>El Sr. Blake fue un gran amigo y benefactor de la Pontificia Universidad Javeriana y como miembro del Consejo de Regentes de la misma, demostr\u00f3 un enorme inter\u00e9s por la educaci\u00f3n en Colombia. Varias docenas de estudiantes javerianos han gozado de las becas ofrecidas por Icollantas, a trav\u00e9s del Sr. Blake, quien en todas las actuaciones a lo largo de su vida, demostr\u00f3 siempre su coraz\u00f3n generoso y agradecido, y se destac\u00f3 como cat\u00f3lico ferviente y entusiasta colaborador en todas las obras educativas. El pr\u00f3ximo mi\u00e9rcoles 7 de abril el R.P. Rector de la Universidad Javeriana ofrecer\u00e1 una Misa, a las 12 m., en la Iglesia de La Veracruz, por el eterno descanso del ilustre ciudadano norteamericano.<\/p>\n<p>Hacemos llegar nuestra sentida condolencia a su se\u00f1ora esposa Do\u00f1a Lucy M. Blake, a su hijo William Blake y dem\u00e1s familiares.<\/p>\n","protected":false},"excerpt":{"rendered":"<p>El jueves 1o. de abril, en las horas de la noche, falleci\u00f3 en la ciudad de Hyattsville, Maryland, el Sr. William R. Blake, quien por espacio de cuatro a\u00f1os y medio ocup\u00f3 la Gerencia General de Icollantas en Colombia. El Sr. Blake naci\u00f3 en Washington D.C., el 19 de abril de 1916; hizo sus estudios en la Universidad de Maryland y luego ocup\u00f3 posiciones en la divisi\u00f3n dom\u00e9stica de la Goodrich y como Representante de esa firma en Washington. Durante la segunda guerra mundial perteneci\u00f3 a la Infanter\u00eda de Marina de los Estados Unidos; m\u00e1s tarde ocup\u00f3 la Gerencia General de la International B.F. Goodrich en Puerto Rico, de donde vino como Gerente General de Icollantas a Colombia. El Sr.[&hellip;]<\/p>\n","protected":false},"author":1,"featured_media":1866,"comment_status":"closed","ping_status":"closed","sticky":false,"template":"","format":"standard","meta":{"footnotes":""},"categories":[105],"tags":[7663,5614,7678,7684,7679,7682,7686,7687,7688,7685,7680,2639,5409,181,7683,3174,5314,3098,7681],"class_list":["post-5709","post","type-post","status-publish","format-standard","has-post-thumbnail","hentry","category-institucional","tag-abril-1965","tag-consejo-de-regentes","tag-edicion-237","tag-goodrich","tag-hyattsville","tag-icollantas-en-colombia","tag-international-b-f-goodrich","tag-la-veracruz","tag-lucy-m-blake","tag-marina-de-los-estados-unidos","tag-maryland","tag-pontificia-universidad-javeriana","tag-puerto-rico","tag-r-p-rector","tag-universidad-de-maryland","tag-washington","tag-washington-d-c","tag-william-blake","tag-william-r-blake"],"acf":[],"_links":{"self":[{"href":"https:\/\/www.javeriana.edu.co\/repositorio-hoy-en-la-javeriana\/wp-json\/wp\/v2\/posts\/5709","targetHints":{"allow":["GET"]}}],"collection":[{"href":"https:\/\/www.javeriana.edu.co\/repositorio-hoy-en-la-javeriana\/wp-json\/wp\/v2\/posts"}],"about":[{"href":"https:\/\/www.javeriana.edu.co\/repositorio-hoy-en-la-javeriana\/wp-json\/wp\/v2\/types\/post"}],"author":[{"embeddable":true,"href":"https:\/\/www.javeriana.edu.co\/repositorio-hoy-en-la-javeriana\/wp-json\/wp\/v2\/users\/1"}],"replies":[{"embeddable":true,"href":"https:\/\/www.javeriana.edu.co\/repositorio-hoy-en-la-javeriana\/wp-json\/wp\/v2\/comments?post=5709"}],"version-history":[{"count":0,"href":"https:\/\/www.javeriana.edu.co\/repositorio-hoy-en-la-javeriana\/wp-json\/wp\/v2\/posts\/5709\/revisions"}],"wp:featuredmedia":[{"embeddable":true,"href":"https:\/\/www.javeriana.edu.co\/repositorio-hoy-en-la-javeriana\/wp-json\/wp\/v2\/media\/1866"}],"wp:attachment":[{"href":"https:\/\/www.javeriana.edu.co\/repositorio-hoy-en-la-javeriana\/wp-json\/wp\/v2\/media?parent=5709"}],"wp:term":[{"taxonomy":"category","embeddable":true,"href":"https:\/\/www.javeriana.edu.co\/repositorio-hoy-en-la-javeriana\/wp-json\/wp\/v2\/categories?post=5709"},{"taxonomy":"post_tag","embeddable":true,"href":"https:\/\/www.javeriana.edu.co\/repositorio-hoy-en-la-javeriana\/wp-json\/wp\/v2\/tags?post=5709"}],"curies":[{"name":"wp","href":"https:\/\/api.w.org\/{rel}","templated":true}]}}