{"id":5838,"date":"1965-05-21T11:25:16","date_gmt":"1965-05-21T16:25:16","guid":{"rendered":"https:\/\/masifica.co\/hoyenlajaveriana\/?p=5838"},"modified":"2019-09-17T11:28:57","modified_gmt":"2019-09-17T16:28:57","slug":"nuevas-directivas-en-el-coro","status":"publish","type":"post","link":"https:\/\/www.javeriana.edu.co\/repositorio-hoy-en-la-javeriana\/nuevas-directivas-en-el-coro\/","title":{"rendered":"Nuevas directivas en el Coro"},"content":{"rendered":"<p>Reunidos los integrantes de los coros femenino y masculino, nombraron las siguientes directivas; Coro masculino: Presidente Alvaro Giraldo, Secretario Alvaro S\u00e1nchez, Coordinador Germ\u00e1n Cuesta, Directores Estudiantiles: Armando Porras y Julio Vanegas. Coro femenino; Presidenta Josefina Salcedo, Vice-presidenta Gloria Chaparro, Secretaria Mar\u00eda Cristina Arango.<\/p>\n<p>La primera presentaci\u00f3n oficial de los coros tendr\u00e1 lugar el 4 de junio, en el saldo de grados de las Facultades Femeninas, a las 7 p.m. Los j\u00f3venes cantores lucir\u00e1n, entonces, sus nuevos uniformes.<\/p>\n","protected":false},"excerpt":{"rendered":"<p>Reunidos los integrantes de los coros femenino y masculino, nombraron las siguientes directivas; Coro masculino: Presidente Alvaro Giraldo, Secretario Alvaro S\u00e1nchez, Coordinador Germ\u00e1n Cuesta, Directores Estudiantiles: Armando Porras y Julio Vanegas. Coro femenino; Presidenta Josefina Salcedo, Vice-presidenta Gloria Chaparro, Secretaria Mar\u00eda Cristina Arango. La primera presentaci\u00f3n oficial de los coros tendr\u00e1 lugar el 4 de junio, en el saldo de grados de las Facultades Femeninas, a las 7 p.m. Los j\u00f3venes cantores lucir\u00e1n, entonces, sus nuevos uniformes.<\/p>\n","protected":false},"author":1,"featured_media":1866,"comment_status":"closed","ping_status":"closed","sticky":false,"template":"","format":"standard","meta":{"footnotes":""},"categories":[105],"tags":[5565,5581,7755,7827,7585,7828,7816,164,5573,7830,7829,5577,7831,7762,7826],"class_list":["post-5838","post","type-post","status-publish","format-standard","has-post-thumbnail","hentry","category-institucional","tag-alvaro-giraldo","tag-alvaro-sanchez","tag-armando-porras","tag-coro","tag-coro-femenino","tag-coro-masculino","tag-edicion-247","tag-facultades-femeninas","tag-german-cuesta","tag-gloria-chaparro","tag-josefina-salcedo","tag-julio-vanegas","tag-maria-cristina-arango","tag-mayo-1965","tag-nuevas-directivas-en-el-coro"],"acf":[],"_links":{"self":[{"href":"https:\/\/www.javeriana.edu.co\/repositorio-hoy-en-la-javeriana\/wp-json\/wp\/v2\/posts\/5838","targetHints":{"allow":["GET"]}}],"collection":[{"href":"https:\/\/www.javeriana.edu.co\/repositorio-hoy-en-la-javeriana\/wp-json\/wp\/v2\/posts"}],"about":[{"href":"https:\/\/www.javeriana.edu.co\/repositorio-hoy-en-la-javeriana\/wp-json\/wp\/v2\/types\/post"}],"author":[{"embeddable":true,"href":"https:\/\/www.javeriana.edu.co\/repositorio-hoy-en-la-javeriana\/wp-json\/wp\/v2\/users\/1"}],"replies":[{"embeddable":true,"href":"https:\/\/www.javeriana.edu.co\/repositorio-hoy-en-la-javeriana\/wp-json\/wp\/v2\/comments?post=5838"}],"version-history":[{"count":0,"href":"https:\/\/www.javeriana.edu.co\/repositorio-hoy-en-la-javeriana\/wp-json\/wp\/v2\/posts\/5838\/revisions"}],"wp:featuredmedia":[{"embeddable":true,"href":"https:\/\/www.javeriana.edu.co\/repositorio-hoy-en-la-javeriana\/wp-json\/wp\/v2\/media\/1866"}],"wp:attachment":[{"href":"https:\/\/www.javeriana.edu.co\/repositorio-hoy-en-la-javeriana\/wp-json\/wp\/v2\/media?parent=5838"}],"wp:term":[{"taxonomy":"category","embeddable":true,"href":"https:\/\/www.javeriana.edu.co\/repositorio-hoy-en-la-javeriana\/wp-json\/wp\/v2\/categories?post=5838"},{"taxonomy":"post_tag","embeddable":true,"href":"https:\/\/www.javeriana.edu.co\/repositorio-hoy-en-la-javeriana\/wp-json\/wp\/v2\/tags?post=5838"}],"curies":[{"name":"wp","href":"https:\/\/api.w.org\/{rel}","templated":true}]}}