{"id":5874,"date":"1965-06-08T11:23:24","date_gmt":"1965-06-08T16:23:24","guid":{"rendered":"https:\/\/masifica.co\/hoyenlajaveriana\/?p=5874"},"modified":"2019-09-19T11:31:32","modified_gmt":"2019-09-19T16:31:32","slug":"felicitacion-al-estudiantado-javeriano","status":"publish","type":"post","link":"https:\/\/www.javeriana.edu.co\/repositorio-hoy-en-la-javeriana\/felicitacion-al-estudiantado-javeriano\/","title":{"rendered":"Felicitaci\u00f3n al estudiantado javeriano"},"content":{"rendered":"<p>El Rector de la Universidad Javeriana recibi\u00f3 la siguiente proposici\u00f3n aprobada por unanimidad en la \u00faltima reuni\u00f3n ordinaria de la Asamblea General de la Sociedad de Mejoras P\u00fablicas de Medell\u00edn, \u00abLa Sociedad de Mejoras P\u00fablicas de Medell\u00edn quiere hacer constar su admiraci\u00f3n por el estudiantado de las Universidades Pontificia Javeriana, de los Andes, Pedag\u00f3gica Nacional, la Grancolombia, Colegio El Rosario, de Bogot\u00e1; Industrial de Santander, de Popay\u00e1n, de Nari\u00f1o y Universidad Pontificia Bolivariana de Medell\u00edn, que se abstuvo de tomar parte en los lamentables insucesos que amenazaron la tranquilidad p\u00fablica, con motivo de la reciente huelga estudiantil ofrece como ejemplo la sensata actuaci\u00f3n de quienes han sabido entender a cabalidad la funci\u00f3n c\u00edvica, en beneficio del orden constitucional en momentos en que la Patria requiere la mayor colaboraci\u00f3n ciudadana, para sortear las dificultades que atraviesa\u00bb.<\/p>\n","protected":false},"excerpt":{"rendered":"<p>El Rector de la Universidad Javeriana recibi\u00f3 la siguiente proposici\u00f3n aprobada por unanimidad en la \u00faltima reuni\u00f3n ordinaria de la Asamblea General de la Sociedad de Mejoras P\u00fablicas de Medell\u00edn, \u00abLa Sociedad de Mejoras P\u00fablicas de Medell\u00edn quiere hacer constar su admiraci\u00f3n por el estudiantado de las Universidades Pontificia Javeriana, de los Andes, Pedag\u00f3gica Nacional, la Grancolombia, Colegio El Rosario, de Bogot\u00e1; Industrial de Santander, de Popay\u00e1n, de Nari\u00f1o y Universidad Pontificia Bolivariana de Medell\u00edn, que se abstuvo de tomar parte en los lamentables insucesos que amenazaron la tranquilidad p\u00fablica, con motivo de la reciente huelga estudiantil ofrece como ejemplo la sensata actuaci\u00f3n de quienes han sabido entender a cabalidad la funci\u00f3n c\u00edvica, en beneficio del orden constitucional en momentos[&hellip;]<\/p>\n","protected":false},"author":1,"featured_media":1866,"comment_status":"closed","ping_status":"closed","sticky":false,"template":"","format":"standard","meta":{"footnotes":""},"categories":[39],"tags":[472,7898,7894,7895,6930,3051,2872,7854,7897,473,7273,7759,3688,7896,2530,2113],"class_list":["post-5874","post","type-post","status-publish","format-standard","has-post-thumbnail","hentry","category-academia","tag-bogota","tag-colegio-el-rosario","tag-edicion-252","tag-felicitacion-al-estudiantado-javeriano","tag-grancolombia","tag-industrial-de-santander","tag-javeriana","tag-junio-1965","tag-los-andes","tag-medellin","tag-narino","tag-pedagogica-nacional","tag-popayan","tag-sociedad-de-mejoras-publicas-de-medellin","tag-universidad-javeriana","tag-universidad-pontificia-bolivariana"],"acf":[],"_links":{"self":[{"href":"https:\/\/www.javeriana.edu.co\/repositorio-hoy-en-la-javeriana\/wp-json\/wp\/v2\/posts\/5874","targetHints":{"allow":["GET"]}}],"collection":[{"href":"https:\/\/www.javeriana.edu.co\/repositorio-hoy-en-la-javeriana\/wp-json\/wp\/v2\/posts"}],"about":[{"href":"https:\/\/www.javeriana.edu.co\/repositorio-hoy-en-la-javeriana\/wp-json\/wp\/v2\/types\/post"}],"author":[{"embeddable":true,"href":"https:\/\/www.javeriana.edu.co\/repositorio-hoy-en-la-javeriana\/wp-json\/wp\/v2\/users\/1"}],"replies":[{"embeddable":true,"href":"https:\/\/www.javeriana.edu.co\/repositorio-hoy-en-la-javeriana\/wp-json\/wp\/v2\/comments?post=5874"}],"version-history":[{"count":0,"href":"https:\/\/www.javeriana.edu.co\/repositorio-hoy-en-la-javeriana\/wp-json\/wp\/v2\/posts\/5874\/revisions"}],"wp:featuredmedia":[{"embeddable":true,"href":"https:\/\/www.javeriana.edu.co\/repositorio-hoy-en-la-javeriana\/wp-json\/wp\/v2\/media\/1866"}],"wp:attachment":[{"href":"https:\/\/www.javeriana.edu.co\/repositorio-hoy-en-la-javeriana\/wp-json\/wp\/v2\/media?parent=5874"}],"wp:term":[{"taxonomy":"category","embeddable":true,"href":"https:\/\/www.javeriana.edu.co\/repositorio-hoy-en-la-javeriana\/wp-json\/wp\/v2\/categories?post=5874"},{"taxonomy":"post_tag","embeddable":true,"href":"https:\/\/www.javeriana.edu.co\/repositorio-hoy-en-la-javeriana\/wp-json\/wp\/v2\/tags?post=5874"}],"curies":[{"name":"wp","href":"https:\/\/api.w.org\/{rel}","templated":true}]}}