{"id":5896,"date":"1965-07-13T14:06:16","date_gmt":"1965-07-13T19:06:16","guid":{"rendered":"https:\/\/masifica.co\/hoyenlajaveriana\/?p=5896"},"modified":"2019-09-19T17:11:20","modified_gmt":"2019-09-19T22:11:20","slug":"exposicion-francesa","status":"publish","type":"post","link":"https:\/\/www.javeriana.edu.co\/repositorio-hoy-en-la-javeriana\/exposicion-francesa\/","title":{"rendered":"Exposici\u00f3n francesa"},"content":{"rendered":"<p>Ma\u00f1ana, a las 12 del d\u00eda, se inaugura una exposici\u00f3n de las publicaciones religiosas francesas, en el Hall de la Universidad. La exposici\u00f3n comprende varias decenas de libros y revistas enviados por el Gobierno Franc\u00e9s, para su exhibici\u00f3n en la Javeriana. Asistir\u00e1n, entre otras personalidades, el Excmo. Sr. Embajador de Francia Sr. Bertrand de la Sabliere, quien la declarar\u00e1 abierta, y el Emmo. Sr. Cardenal Luis Concha C\u00f3rdoba. Con este motivo, el R.P. Rector de la Universidad conferir\u00e1 al Excmo. Sr. Embajador de Francia el diploma de Profesor Extraordinario en Ciencias Pol\u00edticas, por la Facultad de Derecho.<\/p>\n","protected":false},"excerpt":{"rendered":"<p>Ma\u00f1ana, a las 12 del d\u00eda, se inaugura una exposici\u00f3n de las publicaciones religiosas francesas, en el Hall de la Universidad. La exposici\u00f3n comprende varias decenas de libros y revistas enviados por el Gobierno Franc\u00e9s, para su exhibici\u00f3n en la Javeriana. Asistir\u00e1n, entre otras personalidades, el Excmo. Sr. Embajador de Francia Sr. Bertrand de la Sabliere, quien la declarar\u00e1 abierta, y el Emmo. Sr. Cardenal Luis Concha C\u00f3rdoba. Con este motivo, el R.P. Rector de la Universidad conferir\u00e1 al Excmo. Sr. Embajador de Francia el diploma de Profesor Extraordinario en Ciencias Pol\u00edticas, por la Facultad de Derecho.<\/p>\n","protected":false},"author":1,"featured_media":1866,"comment_status":"closed","ping_status":"closed","sticky":false,"template":"","format":"standard","meta":{"footnotes":""},"categories":[51],"tags":[7923,7924,7919,4863,7922,141,3986,6280,2872,7921,3000,181],"class_list":["post-5896","post","type-post","status-publish","format-standard","has-post-thumbnail","hentry","category-cultura","tag-bertrand-de-la-sabliere","tag-ciencias-politicas","tag-edicion-255","tag-embajador-de-francia","tag-exposicion-francesa","tag-facultad-de-derecho","tag-francia","tag-gobierno-frances","tag-javeriana","tag-julio-1965","tag-luis-concha-cordoba","tag-r-p-rector"],"acf":[],"_links":{"self":[{"href":"https:\/\/www.javeriana.edu.co\/repositorio-hoy-en-la-javeriana\/wp-json\/wp\/v2\/posts\/5896","targetHints":{"allow":["GET"]}}],"collection":[{"href":"https:\/\/www.javeriana.edu.co\/repositorio-hoy-en-la-javeriana\/wp-json\/wp\/v2\/posts"}],"about":[{"href":"https:\/\/www.javeriana.edu.co\/repositorio-hoy-en-la-javeriana\/wp-json\/wp\/v2\/types\/post"}],"author":[{"embeddable":true,"href":"https:\/\/www.javeriana.edu.co\/repositorio-hoy-en-la-javeriana\/wp-json\/wp\/v2\/users\/1"}],"replies":[{"embeddable":true,"href":"https:\/\/www.javeriana.edu.co\/repositorio-hoy-en-la-javeriana\/wp-json\/wp\/v2\/comments?post=5896"}],"version-history":[{"count":0,"href":"https:\/\/www.javeriana.edu.co\/repositorio-hoy-en-la-javeriana\/wp-json\/wp\/v2\/posts\/5896\/revisions"}],"wp:featuredmedia":[{"embeddable":true,"href":"https:\/\/www.javeriana.edu.co\/repositorio-hoy-en-la-javeriana\/wp-json\/wp\/v2\/media\/1866"}],"wp:attachment":[{"href":"https:\/\/www.javeriana.edu.co\/repositorio-hoy-en-la-javeriana\/wp-json\/wp\/v2\/media?parent=5896"}],"wp:term":[{"taxonomy":"category","embeddable":true,"href":"https:\/\/www.javeriana.edu.co\/repositorio-hoy-en-la-javeriana\/wp-json\/wp\/v2\/categories?post=5896"},{"taxonomy":"post_tag","embeddable":true,"href":"https:\/\/www.javeriana.edu.co\/repositorio-hoy-en-la-javeriana\/wp-json\/wp\/v2\/tags?post=5896"}],"curies":[{"name":"wp","href":"https:\/\/api.w.org\/{rel}","templated":true}]}}