{"id":5921,"date":"1965-07-23T15:14:04","date_gmt":"1965-07-23T20:14:04","guid":{"rendered":"https:\/\/masifica.co\/hoyenlajaveriana\/?p=5921"},"modified":"2019-09-20T15:19:05","modified_gmt":"2019-09-20T20:19:05","slug":"gobernador-javeriano","status":"publish","type":"post","link":"https:\/\/www.javeriana.edu.co\/repositorio-hoy-en-la-javeriana\/gobernador-javeriano\/","title":{"rendered":"Gobernador Javeriano"},"content":{"rendered":"<p>El viernes 16 del presente mes, tom\u00f3 posesi\u00f3n como Gobernador del Departamento de Santander del Sur, el Dr. Reinaldo L\u00f3pez, quien en 1955 termin\u00f3 estudios en la Facultad de Derecho.<\/p>\n","protected":false},"excerpt":{"rendered":"<p>El viernes 16 del presente mes, tom\u00f3 posesi\u00f3n como Gobernador del Departamento de Santander del Sur, el Dr. Reinaldo L\u00f3pez, quien en 1955 termin\u00f3 estudios en la Facultad de Derecho.<\/p>\n","protected":false},"author":1,"featured_media":1866,"comment_status":"closed","ping_status":"closed","sticky":false,"template":"","format":"standard","meta":{"footnotes":""},"categories":[105],"tags":[7981,141,8030,7921,8031,7275],"class_list":["post-5921","post","type-post","status-publish","format-standard","has-post-thumbnail","hentry","category-institucional","tag-edicion-257","tag-facultad-de-derecho","tag-gobernador-javeriano","tag-julio-1965","tag-reinaldo-lopez","tag-santander-del-sur"],"acf":[],"_links":{"self":[{"href":"https:\/\/www.javeriana.edu.co\/repositorio-hoy-en-la-javeriana\/wp-json\/wp\/v2\/posts\/5921","targetHints":{"allow":["GET"]}}],"collection":[{"href":"https:\/\/www.javeriana.edu.co\/repositorio-hoy-en-la-javeriana\/wp-json\/wp\/v2\/posts"}],"about":[{"href":"https:\/\/www.javeriana.edu.co\/repositorio-hoy-en-la-javeriana\/wp-json\/wp\/v2\/types\/post"}],"author":[{"embeddable":true,"href":"https:\/\/www.javeriana.edu.co\/repositorio-hoy-en-la-javeriana\/wp-json\/wp\/v2\/users\/1"}],"replies":[{"embeddable":true,"href":"https:\/\/www.javeriana.edu.co\/repositorio-hoy-en-la-javeriana\/wp-json\/wp\/v2\/comments?post=5921"}],"version-history":[{"count":0,"href":"https:\/\/www.javeriana.edu.co\/repositorio-hoy-en-la-javeriana\/wp-json\/wp\/v2\/posts\/5921\/revisions"}],"wp:featuredmedia":[{"embeddable":true,"href":"https:\/\/www.javeriana.edu.co\/repositorio-hoy-en-la-javeriana\/wp-json\/wp\/v2\/media\/1866"}],"wp:attachment":[{"href":"https:\/\/www.javeriana.edu.co\/repositorio-hoy-en-la-javeriana\/wp-json\/wp\/v2\/media?parent=5921"}],"wp:term":[{"taxonomy":"category","embeddable":true,"href":"https:\/\/www.javeriana.edu.co\/repositorio-hoy-en-la-javeriana\/wp-json\/wp\/v2\/categories?post=5921"},{"taxonomy":"post_tag","embeddable":true,"href":"https:\/\/www.javeriana.edu.co\/repositorio-hoy-en-la-javeriana\/wp-json\/wp\/v2\/tags?post=5921"}],"curies":[{"name":"wp","href":"https:\/\/api.w.org\/{rel}","templated":true}]}}