{"id":5967,"date":"1965-08-10T09:59:47","date_gmt":"1965-08-10T14:59:47","guid":{"rendered":"https:\/\/masifica.co\/hoyenlajaveriana\/?p=5967"},"modified":"2019-09-24T10:01:49","modified_gmt":"2019-09-24T15:01:49","slug":"conferencia-2","status":"publish","type":"post","link":"https:\/\/www.javeriana.edu.co\/repositorio-hoy-en-la-javeriana\/conferencia-2\/","title":{"rendered":"Conferencia"},"content":{"rendered":"<p>El P. Manuel Pernaut, Director de la Facultad de Econom\u00eda de la Universidad \u00abAndr\u00e9s Bello&#8217; de Caracas, dictar\u00e1 una conferencia el jueves pr\u00f3ximo, en el saldo de grados, a las 7 pm., sobre el tema \u00bbRetorno al patr\u00f3n oro?\u00bb. El P. Pernaut es, tambi\u00e9n, Profesor de Historia del Pensamiento Econ\u00f3mico en la misma Universidad, y de Teor\u00eda Econ\u00f3mica en la Universidad Central de Venezuela. Es una de las autoridades en cuestiones econ\u00f3micas en la hermana Rep\u00fablica.<\/p>\n","protected":false},"excerpt":{"rendered":"<p>El P. Manuel Pernaut, Director de la Facultad de Econom\u00eda de la Universidad \u00abAndr\u00e9s Bello&#8217; de Caracas, dictar\u00e1 una conferencia el jueves pr\u00f3ximo, en el saldo de grados, a las 7 pm., sobre el tema \u00bbRetorno al patr\u00f3n oro?\u00bb. El P. Pernaut es, tambi\u00e9n, Profesor de Historia del Pensamiento Econ\u00f3mico en la misma Universidad, y de Teor\u00eda Econ\u00f3mica en la Universidad Central de Venezuela. Es una de las autoridades en cuestiones econ\u00f3micas en la hermana Rep\u00fablica.<\/p>\n","protected":false},"author":1,"featured_media":1866,"comment_status":"closed","ping_status":"closed","sticky":false,"template":"","format":"standard","meta":{"footnotes":""},"categories":[39],"tags":[8080,7835,7031,8131,4271,8139,8137,8140,8138,5503],"class_list":["post-5967","post","type-post","status-publish","format-standard","has-post-thumbnail","hentry","category-academia","tag-agosto-1965","tag-caracas","tag-conferencia","tag-edicion-262","tag-facultad-de-economia","tag-historia-del-pensamiento-economico","tag-manuel-pernaut","tag-teoria-economica","tag-universidad-andres-bello","tag-universidad-central-de-venezuela"],"acf":[],"_links":{"self":[{"href":"https:\/\/www.javeriana.edu.co\/repositorio-hoy-en-la-javeriana\/wp-json\/wp\/v2\/posts\/5967","targetHints":{"allow":["GET"]}}],"collection":[{"href":"https:\/\/www.javeriana.edu.co\/repositorio-hoy-en-la-javeriana\/wp-json\/wp\/v2\/posts"}],"about":[{"href":"https:\/\/www.javeriana.edu.co\/repositorio-hoy-en-la-javeriana\/wp-json\/wp\/v2\/types\/post"}],"author":[{"embeddable":true,"href":"https:\/\/www.javeriana.edu.co\/repositorio-hoy-en-la-javeriana\/wp-json\/wp\/v2\/users\/1"}],"replies":[{"embeddable":true,"href":"https:\/\/www.javeriana.edu.co\/repositorio-hoy-en-la-javeriana\/wp-json\/wp\/v2\/comments?post=5967"}],"version-history":[{"count":0,"href":"https:\/\/www.javeriana.edu.co\/repositorio-hoy-en-la-javeriana\/wp-json\/wp\/v2\/posts\/5967\/revisions"}],"wp:featuredmedia":[{"embeddable":true,"href":"https:\/\/www.javeriana.edu.co\/repositorio-hoy-en-la-javeriana\/wp-json\/wp\/v2\/media\/1866"}],"wp:attachment":[{"href":"https:\/\/www.javeriana.edu.co\/repositorio-hoy-en-la-javeriana\/wp-json\/wp\/v2\/media?parent=5967"}],"wp:term":[{"taxonomy":"category","embeddable":true,"href":"https:\/\/www.javeriana.edu.co\/repositorio-hoy-en-la-javeriana\/wp-json\/wp\/v2\/categories?post=5967"},{"taxonomy":"post_tag","embeddable":true,"href":"https:\/\/www.javeriana.edu.co\/repositorio-hoy-en-la-javeriana\/wp-json\/wp\/v2\/tags?post=5967"}],"curies":[{"name":"wp","href":"https:\/\/api.w.org\/{rel}","templated":true}]}}