{"id":657,"date":"1986-04-21T14:35:25","date_gmt":"1986-04-21T19:35:25","guid":{"rendered":"http:\/\/masifica.co\/hoyenlajaveriana\/?p=657"},"modified":"2019-05-07T12:30:08","modified_gmt":"2019-05-07T17:30:08","slug":"murio-el-padre-vicente-andrade-s-j","status":"publish","type":"post","link":"https:\/\/www.javeriana.edu.co\/repositorio-hoy-en-la-javeriana\/murio-el-padre-vicente-andrade-s-j\/","title":{"rendered":"Muri\u00f3 el Padre Vicente Andrade, S. J."},"content":{"rendered":"<p><em>*Foto:\u00a0El P. Vicente Andrade, S.J., habla en el XIII Congreso Nacional de la UTC, en Cali.<\/em><\/p>\n<p>El pasado 9 de abril muri\u00f3 el P. Vicente Andrade, S.J., fundador de la carrera de Administraci\u00f3n de Empresas, promotor del programa de Capacitaci\u00f3n Laboral en la Universidad Javeriana y cofundador de la UTC (Uni\u00f3n de Trabajadores de Colombia). El P. Andrade, en el momento de su muerte, dictaba c\u00e1tedras de \u00c9tica Profesional en la Carrera de Administraci\u00f3n de Empresas y en la Facultad de Medicina.<\/p>\n<p>Muy estimado por la claridad de sus ideas frecuentemente expuestas en Revista Javeriana, en El Catolicismo y en un tiempo en el noticiero de televisi\u00f3n de Arturo Abella, asesor de la Conferencia Episcopal y de la UTC, naci\u00f3 en Bucaramanga el 10 de abril de 1907.<\/p>\n<p>Inici\u00f3 sus estudios en el Colegio de San Bartolom\u00e9, e ingres\u00f3 en la Compa\u00f1\u00eda de Jes\u00fas el 15 de abril de 1922; realiz\u00f3 sus estudios de humanidades en el Colegio de Mar\u00eda Inmaculada, en 1924 y 1925 y los de Filosof\u00eda en el Colegio M\u00e1ximo de la Compa\u00f1\u00eda de Jes\u00fas, de 1926 a 1929.<\/p>\n<p>Inici\u00f3 el estudio de la Teolog\u00eda en Milltown Park, Dubl\u00edn, en 1931, pasando despu\u00e9s a la Universidad Gregoriana de Roma, donde recibi\u00f3 el 4 de enero de 1938 el doctorado en Teolog\u00eda Moral. En ese mismo a\u00f1o fue nombrado profesor en las Facultades Eclesi\u00e1sticas de la Universidad Javeriana en la c\u00e1tedra de su especialidad, cargo que desempe\u00f1\u00f3 durante 20 a\u00f1os hasta 1958.<\/p>\n<p>Siendo profesor recibi\u00f3 el encargo de colaborar en la Acci\u00f3n Social Cat\u00f3lica. En compa\u00f1\u00eda del P. Francisco Javier Mej\u00eda, S.J., iniciaron la organizaci\u00f3n de los grupos obreros de lo cual naci\u00f3 la UTC, (Uni\u00f3n de Trabajadores de Colombia), entidad que asesor\u00f3 desde 1946 hasta 1971. Pas\u00f3 despu\u00e9s a la Residencia de San Pedro Canisio, Casa de Escritores, donde un\u00eda al trabajo de bibliotecario el ser capell\u00e1n del Gimnasio Campestre y Rector del Colegio de Nuestra Se\u00f1ora de la Asunci\u00f3n. En 1983 fue nombrado asesor de CETRAC.<\/p>\n<p>Con la claridad mental adquirida en largos a\u00f1os de ense\u00f1anza universitaria, frecuentemente present\u00f3 los grandes principios de las Enc\u00edclicas Sociales en sus escritos, el \u00faltimo de ellos publicado el d\u00eda de su muerte en el Catolicismo sobre \u00abSombras y luces en las c\u00e1rceles colombianas\u00bb.<\/p>\n<p>En su mesa de trabajo qued\u00f3 un art\u00edculo escrito a l\u00e1piz, las calificaciones de los \u00faltimos parciales en la Universidad y un paquete de revistas para los presos. Muri\u00f3 de pie, trabajando. Reciba nuestro sencillo homenaje y nuestra oraci\u00f3n. A su entierro acudi\u00f3 el Sr. Presidente de la Rep\u00fablica, Dr. Belisario Betancur, Cardenal An\u00edbal Mu\u00f1oz Duque, Mons. Mario Revollo, Mons. H\u00e9ctor Rueda Hern\u00e1ndez, Arzobispo de Bucaramanga y Presidente de la Conferencia Episcopal, Mons. Rodrigo Escobar, Obispo de Girardot, los obispos auxiliares de Bogot\u00e1, D.E., m\u00e1s de 180 sacerdotes y sobre todo innumerables personas a las cuales ayud\u00f3 en su meritoria vida.<\/p>\n","protected":false},"excerpt":{"rendered":"<p>*Foto:\u00a0El P. Vicente Andrade, S.J., habla en el XIII Congreso Nacional de la UTC, en Cali. El pasado 9 de abril muri\u00f3 el P. Vicente Andrade, S.J., fundador de la carrera de Administraci\u00f3n de Empresas, promotor del programa de Capacitaci\u00f3n Laboral en la Universidad Javeriana y cofundador de la UTC (Uni\u00f3n de Trabajadores de Colombia). El P. Andrade, en el momento de su muerte, dictaba c\u00e1tedras de \u00c9tica Profesional en la Carrera de Administraci\u00f3n de Empresas y en la Facultad de Medicina. Muy estimado por la claridad de sus ideas frecuentemente expuestas en Revista Javeriana, en El Catolicismo y en un tiempo en el noticiero de televisi\u00f3n de Arturo Abella, asesor de la Conferencia Episcopal y de la UTC, naci\u00f3[&hellip;]<\/p>\n","protected":false},"author":1,"featured_media":661,"comment_status":"closed","ping_status":"closed","sticky":false,"template":"","format":"standard","meta":{"footnotes":""},"categories":[105],"tags":[596,902,909,907,910,912,97,905,911,903,914,904,915,908,211,913,906],"class_list":["post-657","post","type-post","status-publish","format-standard","has-post-thumbnail","hentry","category-institucional","tag-596","tag-abril-1986","tag-arturo-abella","tag-carrera-de-administracion-de-empresas","tag-colegio-de-maria-inmaculada","tag-dublin","tag-facultad-de-medicina","tag-fundador-de-la-carrera-de-administracion-de-empresas","tag-milltown-park","tag-murio-el-padre-vicente-andrade","tag-p-francisco-javier-mejia","tag-p-vicente-andrade","tag-residencia-de-san-pedro-canisio","tag-revista-javeriana","tag-s-j","tag-universidad-gregoriana-de-roma","tag-utc-union-de-trabajadores-de-colombia"],"acf":[],"_links":{"self":[{"href":"https:\/\/www.javeriana.edu.co\/repositorio-hoy-en-la-javeriana\/wp-json\/wp\/v2\/posts\/657","targetHints":{"allow":["GET"]}}],"collection":[{"href":"https:\/\/www.javeriana.edu.co\/repositorio-hoy-en-la-javeriana\/wp-json\/wp\/v2\/posts"}],"about":[{"href":"https:\/\/www.javeriana.edu.co\/repositorio-hoy-en-la-javeriana\/wp-json\/wp\/v2\/types\/post"}],"author":[{"embeddable":true,"href":"https:\/\/www.javeriana.edu.co\/repositorio-hoy-en-la-javeriana\/wp-json\/wp\/v2\/users\/1"}],"replies":[{"embeddable":true,"href":"https:\/\/www.javeriana.edu.co\/repositorio-hoy-en-la-javeriana\/wp-json\/wp\/v2\/comments?post=657"}],"version-history":[{"count":0,"href":"https:\/\/www.javeriana.edu.co\/repositorio-hoy-en-la-javeriana\/wp-json\/wp\/v2\/posts\/657\/revisions"}],"wp:featuredmedia":[{"embeddable":true,"href":"https:\/\/www.javeriana.edu.co\/repositorio-hoy-en-la-javeriana\/wp-json\/wp\/v2\/media\/661"}],"wp:attachment":[{"href":"https:\/\/www.javeriana.edu.co\/repositorio-hoy-en-la-javeriana\/wp-json\/wp\/v2\/media?parent=657"}],"wp:term":[{"taxonomy":"category","embeddable":true,"href":"https:\/\/www.javeriana.edu.co\/repositorio-hoy-en-la-javeriana\/wp-json\/wp\/v2\/categories?post=657"},{"taxonomy":"post_tag","embeddable":true,"href":"https:\/\/www.javeriana.edu.co\/repositorio-hoy-en-la-javeriana\/wp-json\/wp\/v2\/tags?post=657"}],"curies":[{"name":"wp","href":"https:\/\/api.w.org\/{rel}","templated":true}]}}