{"id":6888,"date":"1965-08-27T11:08:29","date_gmt":"1965-08-27T16:08:29","guid":{"rendered":"https:\/\/masifica.co\/hoyenlajaveriana\/?p=6888"},"modified":"2019-11-12T11:15:21","modified_gmt":"2019-11-12T16:15:21","slug":"concurso-sobre-tema-social","status":"publish","type":"post","link":"https:\/\/www.javeriana.edu.co\/repositorio-hoy-en-la-javeriana\/concurso-sobre-tema-social\/","title":{"rendered":"Concurso sobre tema social"},"content":{"rendered":"<p>La Semana Social ha incluido, como parte de su programa, un concurso que dar\u00e1 oportunidad a los estudiantes javerianos para escribir un art\u00edculo sobre tema social, ya sea de car\u00e1cter colombiano o general. Las inscripciones est\u00e1n abiertas en la Secretar\u00eda de la Facultad de Filosof\u00eda y Letras; all\u00ed mismo los concursantes deber\u00e1n entregar su trabajo escrito a m\u00e1quina y con una extensi\u00f3n m\u00e1xima de 5 hojas y minina de 2, hasta el 3 de septiembre a las 6 p.m. El jurado calificador; integrado por el R.P. Alfonso Borrero, S.J., y los Dres. Augusto Montenegro y Hugo Palacios Mej\u00eda, juzgar\u00e1 los escritos seg\u00fan el valor literario y el contenido. Los resultados se dar\u00e1n a conocer durante la Semana Javeriana, y los ganadores recibir\u00e1n placas honorificas, un primer premio de $ 300.00; uno segundo de $ 200.00 y el tercero de $ 100,00.<\/p>\n","protected":false},"excerpt":{"rendered":"<p>La Semana Social ha incluido, como parte de su programa, un concurso que dar\u00e1 oportunidad a los estudiantes javerianos para escribir un art\u00edculo sobre tema social, ya sea de car\u00e1cter colombiano o general. Las inscripciones est\u00e1n abiertas en la Secretar\u00eda de la Facultad de Filosof\u00eda y Letras; all\u00ed mismo los concursantes deber\u00e1n entregar su trabajo escrito a m\u00e1quina y con una extensi\u00f3n m\u00e1xima de 5 hojas y minina de 2, hasta el 3 de septiembre a las 6 p.m. El jurado calificador; integrado por el R.P. Alfonso Borrero, S.J., y los Dres. Augusto Montenegro y Hugo Palacios Mej\u00eda, juzgar\u00e1 los escritos seg\u00fan el valor literario y el contenido. Los resultados se dar\u00e1n a conocer durante la Semana Javeriana, y los[&hellip;]<\/p>\n","protected":false},"author":1,"featured_media":1866,"comment_status":"closed","ping_status":"closed","sticky":false,"template":"","format":"standard","meta":{"footnotes":""},"categories":[59],"tags":[8080,1836,8239,1804,8242,1009,1322,89,8174],"class_list":["post-6888","post","type-post","status-publish","format-standard","has-post-thumbnail","hentry","category-sociedad","tag-agosto-1965","tag-alfonso-borrero","tag-ano-5-n-44","tag-augusto-montenegro","tag-concurso-sobre-tema-social","tag-facultad-de-filosofia-y-letras","tag-hugo-palacios-mejia","tag-semana-javeriana","tag-semana-social"],"acf":[],"_links":{"self":[{"href":"https:\/\/www.javeriana.edu.co\/repositorio-hoy-en-la-javeriana\/wp-json\/wp\/v2\/posts\/6888","targetHints":{"allow":["GET"]}}],"collection":[{"href":"https:\/\/www.javeriana.edu.co\/repositorio-hoy-en-la-javeriana\/wp-json\/wp\/v2\/posts"}],"about":[{"href":"https:\/\/www.javeriana.edu.co\/repositorio-hoy-en-la-javeriana\/wp-json\/wp\/v2\/types\/post"}],"author":[{"embeddable":true,"href":"https:\/\/www.javeriana.edu.co\/repositorio-hoy-en-la-javeriana\/wp-json\/wp\/v2\/users\/1"}],"replies":[{"embeddable":true,"href":"https:\/\/www.javeriana.edu.co\/repositorio-hoy-en-la-javeriana\/wp-json\/wp\/v2\/comments?post=6888"}],"version-history":[{"count":0,"href":"https:\/\/www.javeriana.edu.co\/repositorio-hoy-en-la-javeriana\/wp-json\/wp\/v2\/posts\/6888\/revisions"}],"wp:featuredmedia":[{"embeddable":true,"href":"https:\/\/www.javeriana.edu.co\/repositorio-hoy-en-la-javeriana\/wp-json\/wp\/v2\/media\/1866"}],"wp:attachment":[{"href":"https:\/\/www.javeriana.edu.co\/repositorio-hoy-en-la-javeriana\/wp-json\/wp\/v2\/media?parent=6888"}],"wp:term":[{"taxonomy":"category","embeddable":true,"href":"https:\/\/www.javeriana.edu.co\/repositorio-hoy-en-la-javeriana\/wp-json\/wp\/v2\/categories?post=6888"},{"taxonomy":"post_tag","embeddable":true,"href":"https:\/\/www.javeriana.edu.co\/repositorio-hoy-en-la-javeriana\/wp-json\/wp\/v2\/tags?post=6888"}],"curies":[{"name":"wp","href":"https:\/\/api.w.org\/{rel}","templated":true}]}}