{"id":6897,"date":"1965-08-31T14:30:02","date_gmt":"1965-08-31T19:30:02","guid":{"rendered":"https:\/\/masifica.co\/hoyenlajaveriana\/?p=6897"},"modified":"2019-11-12T14:34:13","modified_gmt":"2019-11-12T19:34:13","slug":"profesor-de-sicologia","status":"publish","type":"post","link":"https:\/\/www.javeriana.edu.co\/repositorio-hoy-en-la-javeriana\/profesor-de-sicologia\/","title":{"rendered":"Profesor de Sicolog\u00eda"},"content":{"rendered":"<p>Depto. de Sicolog\u00eda registra complacido el nombramiento del R.P. Enrique Llorens, S.J., como Profesor de Pr\u00e1cticas de Psicotecnia. El nuevo catedr\u00e1tico se gradu\u00f3 en Sicolog\u00eda en la Universidad de Madrid e hizo estudios de especializaci\u00f3n de Orientaci\u00f3n Profesional en Chicago, EE.UU. \u00abHoy en la Javeriana\u00bb de la bienvenida al R.P. Llorens y le desea \u00e9xitos en su labor.<\/p>\n","protected":false},"excerpt":{"rendered":"<p>Depto. de Sicolog\u00eda registra complacido el nombramiento del R.P. Enrique Llorens, S.J., como Profesor de Pr\u00e1cticas de Psicotecnia. El nuevo catedr\u00e1tico se gradu\u00f3 en Sicolog\u00eda en la Universidad de Madrid e hizo estudios de especializaci\u00f3n de Orientaci\u00f3n Profesional en Chicago, EE.UU. \u00abHoy en la Javeriana\u00bb de la bienvenida al R.P. Llorens y le desea \u00e9xitos en su labor.<\/p>\n","protected":false},"author":1,"featured_media":1866,"comment_status":"closed","ping_status":"closed","sticky":false,"template":"","format":"standard","meta":{"footnotes":""},"categories":[39],"tags":[8080,8247,3422,4477,8278,3381,8277,8279,3585],"class_list":["post-6897","post","type-post","status-publish","format-standard","has-post-thumbnail","hentry","category-academia","tag-agosto-1965","tag-ano-5-n-45","tag-chicago","tag-ee-uu","tag-enrique-llorens","tag-hoy-en-la-javeriana","tag-profesor-de-sicologia","tag-psicotecnia","tag-universidad-de-madrid"],"acf":[],"_links":{"self":[{"href":"https:\/\/www.javeriana.edu.co\/repositorio-hoy-en-la-javeriana\/wp-json\/wp\/v2\/posts\/6897","targetHints":{"allow":["GET"]}}],"collection":[{"href":"https:\/\/www.javeriana.edu.co\/repositorio-hoy-en-la-javeriana\/wp-json\/wp\/v2\/posts"}],"about":[{"href":"https:\/\/www.javeriana.edu.co\/repositorio-hoy-en-la-javeriana\/wp-json\/wp\/v2\/types\/post"}],"author":[{"embeddable":true,"href":"https:\/\/www.javeriana.edu.co\/repositorio-hoy-en-la-javeriana\/wp-json\/wp\/v2\/users\/1"}],"replies":[{"embeddable":true,"href":"https:\/\/www.javeriana.edu.co\/repositorio-hoy-en-la-javeriana\/wp-json\/wp\/v2\/comments?post=6897"}],"version-history":[{"count":0,"href":"https:\/\/www.javeriana.edu.co\/repositorio-hoy-en-la-javeriana\/wp-json\/wp\/v2\/posts\/6897\/revisions"}],"wp:featuredmedia":[{"embeddable":true,"href":"https:\/\/www.javeriana.edu.co\/repositorio-hoy-en-la-javeriana\/wp-json\/wp\/v2\/media\/1866"}],"wp:attachment":[{"href":"https:\/\/www.javeriana.edu.co\/repositorio-hoy-en-la-javeriana\/wp-json\/wp\/v2\/media?parent=6897"}],"wp:term":[{"taxonomy":"category","embeddable":true,"href":"https:\/\/www.javeriana.edu.co\/repositorio-hoy-en-la-javeriana\/wp-json\/wp\/v2\/categories?post=6897"},{"taxonomy":"post_tag","embeddable":true,"href":"https:\/\/www.javeriana.edu.co\/repositorio-hoy-en-la-javeriana\/wp-json\/wp\/v2\/tags?post=6897"}],"curies":[{"name":"wp","href":"https:\/\/api.w.org\/{rel}","templated":true}]}}