{"id":6904,"date":"1965-09-03T14:13:52","date_gmt":"1965-09-03T19:13:52","guid":{"rendered":"https:\/\/masifica.co\/hoyenlajaveriana\/?p=6904"},"modified":"2019-11-13T14:23:20","modified_gmt":"2019-11-13T19:23:20","slug":"clausurado-curso-de-mecanica-de-suelos-para-graduados","status":"publish","type":"post","link":"https:\/\/www.javeriana.edu.co\/repositorio-hoy-en-la-javeriana\/clausurado-curso-de-mecanica-de-suelos-para-graduados\/","title":{"rendered":"Clausurado Curso de Mec\u00e1nica de Suelos para graduados"},"content":{"rendered":"<p>El pasado 27 de Agosto se llev\u00f3 a cabo la clausura del segundo curso de Mec\u00e1nica de Suelos que la Facultad de Ingenier\u00eda Civil organiz\u00f3 para ingenieros graduados. Al acto asistieron el Rector Encargado R.P. Fernando Bar\u00f3n, S.J., el Secretario General de la Universidad, R.P. Hern\u00e1n Posada, S.J., el S\u00edndico Dr. Alfonso Miranda, el Decano de Ingenier\u00eda Civil Dr. Mario Jim\u00e9nez Cadena, y dem\u00e1s directivas de Ingenier\u00eda.<\/p>\n<p>El curso, que se dict\u00f3 del 14 de Julio al 27 de Agosto, estuvo dirigido y orientado por el Ing. Guillermo Caro Mendoza, con la colaboraci\u00f3n de los Profesores Carlos Angulo Galvis, Iv\u00e1n G\u00f3mez Villa, Fernando Mart\u00ednez Londo\u00f1o, Antonio P\u00e1ez Restrepo, Luis Pinz\u00f3n Vargas, Luis Rinc\u00f3n Andrade, Ernesto Sarria Molina y Tom\u00e1s Shukerdos.<\/p>\n<p>La entrega de los diplomas, a los treinta y tres ingenieros, se efectu\u00f3 el da 27 de Agosto, a las 8 p.m., en el Club Javeriano.<\/p>\n<p>&nbsp;<\/p>\n<p>&nbsp;<\/p>\n","protected":false},"excerpt":{"rendered":"<p>El pasado 27 de Agosto se llev\u00f3 a cabo la clausura del segundo curso de Mec\u00e1nica de Suelos que la Facultad de Ingenier\u00eda Civil organiz\u00f3 para ingenieros graduados. Al acto asistieron el Rector Encargado R.P. Fernando Bar\u00f3n, S.J., el Secretario General de la Universidad, R.P. Hern\u00e1n Posada, S.J., el S\u00edndico Dr. Alfonso Miranda, el Decano de Ingenier\u00eda Civil Dr. Mario Jim\u00e9nez Cadena, y dem\u00e1s directivas de Ingenier\u00eda. El curso, que se dict\u00f3 del 14 de Julio al 27 de Agosto, estuvo dirigido y orientado por el Ing. Guillermo Caro Mendoza, con la colaboraci\u00f3n de los Profesores Carlos Angulo Galvis, Iv\u00e1n G\u00f3mez Villa, Fernando Mart\u00ednez Londo\u00f1o, Antonio P\u00e1ez Restrepo, Luis Pinz\u00f3n Vargas, Luis Rinc\u00f3n Andrade, Ernesto Sarria Molina y Tom\u00e1s Shukerdos.[&hellip;]<\/p>\n","protected":false},"author":1,"featured_media":1866,"comment_status":"closed","ping_status":"closed","sticky":false,"template":"","format":"standard","meta":{"footnotes":""},"categories":[39],"tags":[7735,8281,7820,7818,8286,2812,7822,4068,765,6984,2241,3167,73,283,7819,8288,7821,2818,6351,8287,3149,8280,8289],"class_list":["post-6904","post","type-post","status-publish","format-standard","has-post-thumbnail","hentry","category-academia","tag-alfonso-miranda","tag-ano-5-n-46","tag-antonio-paez-restrepo","tag-carlos-angulo-galvis","tag-clausurado-curso-de-mecanica-de-suelos-para-graduados","tag-club-javeriano","tag-ernesto-sarria-molina","tag-facultad-de-ingenieria-civil","tag-fernando-baron","tag-fernando-martinez-londono","tag-guillermo-caro-mendoza","tag-hernan-posada","tag-ingenieria","tag-ingenieria-civil","tag-ivan-gomez-villa","tag-luis-pinzon-vargas","tag-luis-rincon-andrade","tag-mario-jimenez-cadena","tag-mecanica-de-suelos","tag-rector-encargado","tag-secretario-general","tag-septiembre-1965","tag-tomas-shukerdos"],"acf":[],"_links":{"self":[{"href":"https:\/\/www.javeriana.edu.co\/repositorio-hoy-en-la-javeriana\/wp-json\/wp\/v2\/posts\/6904","targetHints":{"allow":["GET"]}}],"collection":[{"href":"https:\/\/www.javeriana.edu.co\/repositorio-hoy-en-la-javeriana\/wp-json\/wp\/v2\/posts"}],"about":[{"href":"https:\/\/www.javeriana.edu.co\/repositorio-hoy-en-la-javeriana\/wp-json\/wp\/v2\/types\/post"}],"author":[{"embeddable":true,"href":"https:\/\/www.javeriana.edu.co\/repositorio-hoy-en-la-javeriana\/wp-json\/wp\/v2\/users\/1"}],"replies":[{"embeddable":true,"href":"https:\/\/www.javeriana.edu.co\/repositorio-hoy-en-la-javeriana\/wp-json\/wp\/v2\/comments?post=6904"}],"version-history":[{"count":0,"href":"https:\/\/www.javeriana.edu.co\/repositorio-hoy-en-la-javeriana\/wp-json\/wp\/v2\/posts\/6904\/revisions"}],"wp:featuredmedia":[{"embeddable":true,"href":"https:\/\/www.javeriana.edu.co\/repositorio-hoy-en-la-javeriana\/wp-json\/wp\/v2\/media\/1866"}],"wp:attachment":[{"href":"https:\/\/www.javeriana.edu.co\/repositorio-hoy-en-la-javeriana\/wp-json\/wp\/v2\/media?parent=6904"}],"wp:term":[{"taxonomy":"category","embeddable":true,"href":"https:\/\/www.javeriana.edu.co\/repositorio-hoy-en-la-javeriana\/wp-json\/wp\/v2\/categories?post=6904"},{"taxonomy":"post_tag","embeddable":true,"href":"https:\/\/www.javeriana.edu.co\/repositorio-hoy-en-la-javeriana\/wp-json\/wp\/v2\/tags?post=6904"}],"curies":[{"name":"wp","href":"https:\/\/api.w.org\/{rel}","templated":true}]}}