{"id":6962,"date":"1965-09-24T11:18:26","date_gmt":"1965-09-24T16:18:26","guid":{"rendered":"https:\/\/masifica.co\/hoyenlajaveriana\/?p=6962"},"modified":"2019-11-18T11:21:49","modified_gmt":"2019-11-18T16:21:49","slug":"el-cec-javeriano-viaja-a-medellin","status":"publish","type":"post","link":"https:\/\/www.javeriana.edu.co\/repositorio-hoy-en-la-javeriana\/el-cec-javeriano-viaja-a-medellin\/","title":{"rendered":"El CEC Javeriano viaja a Medell\u00edn"},"content":{"rendered":"<p>Hoy, a la una de la tarde, viaja a Medell\u00edn el Club de Estudiantes Cantores Javeriano, integrado por 36 estudiantes y dirigido por el maestro Rito A. Mantilla, para participar en el Concurso Nacional de Coros Universitarios, en la primera serie de eliminatorias. El coro javeriano, en sus presentaciones en el Banco de la Rep\u00fablica y en la Cl\u00ednica de Santo Tom\u00e1s el 21 del presente mes y el 22 en el Sena, demostr\u00f3 que cuenta con la preparaci\u00f3n adecuada para conquistar el derecho de asistir a la serie final de este concurso, que se verificar\u00e1 en Barranquilla el 12 de octubre pr\u00f3ximo. El CEC presenta un concierto de despedida hoy, a las 12:15 p.m., en el hall principal de la Universidad. \u00abHoy en la Javeriana\u00bb le desea al CEC un rotundo \u00e9xito durante su estad\u00eda en la capital antioque\u00f1a.<\/p>\n","protected":false},"excerpt":{"rendered":"<p>Hoy, a la una de la tarde, viaja a Medell\u00edn el Club de Estudiantes Cantores Javeriano, integrado por 36 estudiantes y dirigido por el maestro Rito A. Mantilla, para participar en el Concurso Nacional de Coros Universitarios, en la primera serie de eliminatorias. El coro javeriano, en sus presentaciones en el Banco de la Rep\u00fablica y en la Cl\u00ednica de Santo Tom\u00e1s el 21 del presente mes y el 22 en el Sena, demostr\u00f3 que cuenta con la preparaci\u00f3n adecuada para conquistar el derecho de asistir a la serie final de este concurso, que se verificar\u00e1 en Barranquilla el 12 de octubre pr\u00f3ximo. El CEC presenta un concierto de despedida hoy, a las 12:15 p.m., en el hall principal de[&hellip;]<\/p>\n","protected":false},"author":1,"featured_media":1866,"comment_status":"closed","ping_status":"closed","sticky":false,"template":"","format":"standard","meta":{"footnotes":""},"categories":[51],"tags":[8388,3257,474,7146,7139,8404,5363,8403,5786,8401,3381,473,8402,951,8280],"class_list":["post-6962","post","type-post","status-publish","format-standard","has-post-thumbnail","hentry","category-cultura","tag-ano-5-n-51","tag-banco-de-la-republica","tag-barranquilla","tag-cec","tag-cec-javeriano","tag-clinica-de-santo-tomas","tag-club-de-estudiantes-cantores-javeriano","tag-concurso-nacional-de-coros-universitarios","tag-coro-javeriano","tag-el-cec-javeriano-viaja-a-medellin","tag-hoy-en-la-javeriana","tag-medellin","tag-rito-a-mantilla","tag-sena","tag-septiembre-1965"],"acf":[],"_links":{"self":[{"href":"https:\/\/www.javeriana.edu.co\/repositorio-hoy-en-la-javeriana\/wp-json\/wp\/v2\/posts\/6962","targetHints":{"allow":["GET"]}}],"collection":[{"href":"https:\/\/www.javeriana.edu.co\/repositorio-hoy-en-la-javeriana\/wp-json\/wp\/v2\/posts"}],"about":[{"href":"https:\/\/www.javeriana.edu.co\/repositorio-hoy-en-la-javeriana\/wp-json\/wp\/v2\/types\/post"}],"author":[{"embeddable":true,"href":"https:\/\/www.javeriana.edu.co\/repositorio-hoy-en-la-javeriana\/wp-json\/wp\/v2\/users\/1"}],"replies":[{"embeddable":true,"href":"https:\/\/www.javeriana.edu.co\/repositorio-hoy-en-la-javeriana\/wp-json\/wp\/v2\/comments?post=6962"}],"version-history":[{"count":0,"href":"https:\/\/www.javeriana.edu.co\/repositorio-hoy-en-la-javeriana\/wp-json\/wp\/v2\/posts\/6962\/revisions"}],"wp:featuredmedia":[{"embeddable":true,"href":"https:\/\/www.javeriana.edu.co\/repositorio-hoy-en-la-javeriana\/wp-json\/wp\/v2\/media\/1866"}],"wp:attachment":[{"href":"https:\/\/www.javeriana.edu.co\/repositorio-hoy-en-la-javeriana\/wp-json\/wp\/v2\/media?parent=6962"}],"wp:term":[{"taxonomy":"category","embeddable":true,"href":"https:\/\/www.javeriana.edu.co\/repositorio-hoy-en-la-javeriana\/wp-json\/wp\/v2\/categories?post=6962"},{"taxonomy":"post_tag","embeddable":true,"href":"https:\/\/www.javeriana.edu.co\/repositorio-hoy-en-la-javeriana\/wp-json\/wp\/v2\/tags?post=6962"}],"curies":[{"name":"wp","href":"https:\/\/api.w.org\/{rel}","templated":true}]}}