{"id":6971,"date":"1965-09-28T14:36:16","date_gmt":"1965-09-28T19:36:16","guid":{"rendered":"https:\/\/masifica.co\/hoyenlajaveriana\/?p=6971"},"modified":"2019-11-18T14:40:38","modified_gmt":"2019-11-18T19:40:38","slug":"cec-triunfa-en-medellin","status":"publish","type":"post","link":"https:\/\/www.javeriana.edu.co\/repositorio-hoy-en-la-javeriana\/cec-triunfa-en-medellin\/","title":{"rendered":"CEC triunfa en Medell\u00edn"},"content":{"rendered":"<p>Los miembros del Club de Estudiantes Cantores, que viajaron a Medell\u00edn la semana pasada, para asistir al concurso regional de Coros, obtuvieron el primer puesto; el segundo fue para la Universidad de Am\u00e9rica y el tercero para la de Antioquia. En este certamen concursaron las Universidades de Am\u00e9rica, Jorge Tadeo Lozano y Javeriana por Bogot\u00e1; la Bolivariana, Nacional Medell\u00edn, Antioquia, Minas de Medell\u00edn, por Antioquia; la Universidad de Caldas y la Industrial de Bucaramanga. La canci\u00f3n: \u00abFain would I change that note\u00bb fue cantada por los coros de todas las universidades. La Javeriana llev\u00f3 como canci\u00f3n propia a este concurso: \u00abCanci\u00f3n de cuna caucana\u00bb, con arreglo coral del maestro Rito A. Mantilla; dicha canci\u00f3n arranc\u00f3 a la concurrencia nutridos aplausos. La Universidad Javeriana felicita tanto a las directivas del coro como a sus integrantes, por tan lucida actuaci\u00f3n en Medell\u00edn, y espera que el 12 de octubre sean coronados con el t\u00edtulo de campeones nacionales de los coros.<\/p>\n","protected":false},"excerpt":{"rendered":"<p>Los miembros del Club de Estudiantes Cantores, que viajaron a Medell\u00edn la semana pasada, para asistir al concurso regional de Coros, obtuvieron el primer puesto; el segundo fue para la Universidad de Am\u00e9rica y el tercero para la de Antioquia. En este certamen concursaron las Universidades de Am\u00e9rica, Jorge Tadeo Lozano y Javeriana por Bogot\u00e1; la Bolivariana, Nacional Medell\u00edn, Antioquia, Minas de Medell\u00edn, por Antioquia; la Universidad de Caldas y la Industrial de Bucaramanga. La canci\u00f3n: \u00abFain would I change that note\u00bb fue cantada por los coros de todas las universidades. La Javeriana llev\u00f3 como canci\u00f3n propia a este concurso: \u00abCanci\u00f3n de cuna caucana\u00bb, con arreglo coral del maestro Rito A. Mantilla; dicha canci\u00f3n arranc\u00f3 a la concurrencia nutridos aplausos.[&hellip;]<\/p>\n","protected":false},"author":1,"featured_media":1866,"comment_status":"closed","ping_status":"closed","sticky":false,"template":"","format":"standard","meta":{"footnotes":""},"categories":[105],"tags":[8418,5368,472,3952,4353,7146,8428,3285,8429,2872,6495,473,8432,8431,8402,8280,3674,8433,2530,8430],"class_list":["post-6971","post","type-post","status-publish","format-standard","has-post-thumbnail","hentry","category-institucional","tag-ano-5-n-52","tag-antioquia","tag-bogota","tag-bolivariana","tag-bucaramanga","tag-cec","tag-cec-triunfa-en-medellin","tag-club-de-estudiantes-cantores","tag-coros","tag-javeriana","tag-jorge-tadeo-lozano","tag-medellin","tag-minas-de-medellin","tag-nacional-medellin","tag-rito-a-mantilla","tag-septiembre-1965","tag-universidad-de-america","tag-universidad-de-caldas","tag-universidad-javeriana","tag-universidades-de-america"],"acf":[],"_links":{"self":[{"href":"https:\/\/www.javeriana.edu.co\/repositorio-hoy-en-la-javeriana\/wp-json\/wp\/v2\/posts\/6971","targetHints":{"allow":["GET"]}}],"collection":[{"href":"https:\/\/www.javeriana.edu.co\/repositorio-hoy-en-la-javeriana\/wp-json\/wp\/v2\/posts"}],"about":[{"href":"https:\/\/www.javeriana.edu.co\/repositorio-hoy-en-la-javeriana\/wp-json\/wp\/v2\/types\/post"}],"author":[{"embeddable":true,"href":"https:\/\/www.javeriana.edu.co\/repositorio-hoy-en-la-javeriana\/wp-json\/wp\/v2\/users\/1"}],"replies":[{"embeddable":true,"href":"https:\/\/www.javeriana.edu.co\/repositorio-hoy-en-la-javeriana\/wp-json\/wp\/v2\/comments?post=6971"}],"version-history":[{"count":0,"href":"https:\/\/www.javeriana.edu.co\/repositorio-hoy-en-la-javeriana\/wp-json\/wp\/v2\/posts\/6971\/revisions"}],"wp:featuredmedia":[{"embeddable":true,"href":"https:\/\/www.javeriana.edu.co\/repositorio-hoy-en-la-javeriana\/wp-json\/wp\/v2\/media\/1866"}],"wp:attachment":[{"href":"https:\/\/www.javeriana.edu.co\/repositorio-hoy-en-la-javeriana\/wp-json\/wp\/v2\/media?parent=6971"}],"wp:term":[{"taxonomy":"category","embeddable":true,"href":"https:\/\/www.javeriana.edu.co\/repositorio-hoy-en-la-javeriana\/wp-json\/wp\/v2\/categories?post=6971"},{"taxonomy":"post_tag","embeddable":true,"href":"https:\/\/www.javeriana.edu.co\/repositorio-hoy-en-la-javeriana\/wp-json\/wp\/v2\/tags?post=6971"}],"curies":[{"name":"wp","href":"https:\/\/api.w.org\/{rel}","templated":true}]}}