{"id":699,"date":"1986-04-21T11:29:20","date_gmt":"1986-04-21T16:29:20","guid":{"rendered":"http:\/\/masifica.co\/hoyenlajaveriana\/?p=699"},"modified":"2019-05-07T12:33:31","modified_gmt":"2019-05-07T17:33:31","slug":"en-el-programa-de-universidad-abierta-reunion-de-centros-regionales","status":"publish","type":"post","link":"https:\/\/www.javeriana.edu.co\/repositorio-hoy-en-la-javeriana\/en-el-programa-de-universidad-abierta-reunion-de-centros-regionales\/","title":{"rendered":"En el Programa de Universidad Abierta Reuni\u00f3n de Centros Regionales"},"content":{"rendered":"<p>En la primera semana de febrero se reunieron en la Universidad Javeriana los directores de los centros regionales de Guapi, Tumaco, Guajira, Barranquilla, Garz\u00f3n, Buga, Cundinamarca, Bucaramanga, Popay\u00e1n, Monter\u00eda y Manizales.<\/p>\n<p>Estudiaron la planeaci\u00f3n del Programa de Universidad Abierta para 1986; profundizaron sobre la conceptualizaci\u00f3n te\u00f3rica y metodol\u00f3gica para la promoci\u00f3n de los N\u00facleos de Interacci\u00f3n; y analizaron el proceso y seguimiento de la evaluaci\u00f3n acad\u00e9mica de los alumnos del Programa de Universidad Abierta, bajo un enfoque personalizante.<\/p>\n<p>Despu\u00e9s de tres d\u00edas de intenso trabajo retornaron a sus sedes con metas m\u00e1s claras para el trabajo de este a\u00f1o.<\/p>\n<p><strong>La Licenciatura en B\u00e1sica Primaria<\/strong><\/p>\n<p>De una carta recibida del Centro Regional Tumaco, N\u00facleo de Interacci\u00f3n de Barbacoas:<\/p>\n<p>\u00abEn Barbacoas, ciudad ubicada a orillas del esmeraldino r\u00edo Telemb\u00ed, Departamento de Nari\u00f1o, hay y ha habido siempre un grupo humano deseoso de progreso. Cuando supimos de la proyecci\u00f3n nacional del Sistema de Educaci\u00f3n Abierta y a Distancia, no se escatimaron esfuerzos para solicitar a ciertos Centros de Educaci\u00f3n Superior del pa\u00eds, su vinculaci\u00f3n al mejor estar cultural e intelectual del pueblo barbacoano. Pero de todos aquellos claustros de formaci\u00f3n universitaria, la \u00fanica que acudi\u00f3 a nosotros fue la Universidad Javeriana, por intermedio de la din\u00e1mica e integ\u00e9rrima hermana carmelita Bernarda Gallegos, quien en los primeros d\u00edas del mes de marzo de 1985 llegara como enviada de la providencia divina, para acrisolar y concretar el deseo de los educadores de esta olvidada regi\u00f3n; ofreci\u00e9ndonos la Licenciatura en Educaci\u00f3n B\u00e1sica Primaria.<\/p>\n<p>A pesar de la fant\u00e1stica expectativa no podemos negar que hubo dudas, desconfianza, y algo de poca fe. Pero despu\u00e9s de haber enviado los ex\u00e1menes del introductorio y desarrollado los presenciales de Matem\u00e1ticas, Naturales, Metodolog\u00eda y Estrategias del Sistema Abierto y a Distancia realizados por Gloria Tapia, Roberto Castillo, Elva Angulo, Pedro Ortiz, Esperanza Agudelo, Amparo Caicedo de Angulo, hermana Olivia Bustos, Olimpo Qui\u00f1ones, Luz Marina Tapia de Ortiz, Rosario Gonz\u00e1lez, F\u00e9lix Domingo Cabezas y otros compa\u00f1eros&#8230; un nutrido n\u00famero de maestros \u00e1vidos de conocimiento, pretenden engrosar las filas del estudio e investigaci\u00f3n a trav\u00e9s de la Universidad Javeriana\u00bb.<\/p>\n","protected":false},"excerpt":{"rendered":"<p>En la primera semana de febrero se reunieron en la Universidad Javeriana los directores de los centros regionales de Guapi, Tumaco, Guajira, Barranquilla, Garz\u00f3n, Buga, Cundinamarca, Bucaramanga, Popay\u00e1n, Monter\u00eda y Manizales. Estudiaron la planeaci\u00f3n del Programa de Universidad Abierta para 1986; profundizaron sobre la conceptualizaci\u00f3n te\u00f3rica y metodol\u00f3gica para la promoci\u00f3n de los N\u00facleos de Interacci\u00f3n; y analizaron el proceso y seguimiento de la evaluaci\u00f3n acad\u00e9mica de los alumnos del Programa de Universidad Abierta, bajo un enfoque personalizante. Despu\u00e9s de tres d\u00edas de intenso trabajo retornaron a sus sedes con metas m\u00e1s claras para el trabajo de este a\u00f1o. La Licenciatura en B\u00e1sica Primaria De una carta recibida del Centro Regional Tumaco, N\u00facleo de Interacci\u00f3n de Barbacoas: \u00abEn Barbacoas, ciudad[&hellip;]<\/p>\n","protected":false},"author":1,"featured_media":0,"comment_status":"closed","ping_status":"closed","sticky":false,"template":"","format":"standard","meta":{"footnotes":""},"categories":[39,105,16,59],"tags":[596,902,982,975,974,979,972,981,987,977,983,976,985,984,980,973,978,986],"class_list":["post-699","post","type-post","status-publish","format-standard","hentry","category-academia","category-institucional","category-investigacion","category-sociedad","tag-596","tag-abril-1986","tag-amparo-caicedo-de-angulo","tag-bernarda-gallegos","tag-centro-regional-tumaco","tag-elva-angulo","tag-en-el-programa-de-universidad-abierta-reunion-de-centros-regionales","tag-esperanza-agudelo","tag-felix-domingo-cabezas","tag-gloria-tapia","tag-hermana-olivia-bustos","tag-licenciatura-en-educacion-basica-primaria","tag-luz-marina-tapia-de-ortiz","tag-olimpo-quinones","tag-pedro-ortiz","tag-programa-de-universidad-abierta","tag-roberto-castillo","tag-rosario-gonzalez"],"acf":[],"_links":{"self":[{"href":"https:\/\/www.javeriana.edu.co\/repositorio-hoy-en-la-javeriana\/wp-json\/wp\/v2\/posts\/699","targetHints":{"allow":["GET"]}}],"collection":[{"href":"https:\/\/www.javeriana.edu.co\/repositorio-hoy-en-la-javeriana\/wp-json\/wp\/v2\/posts"}],"about":[{"href":"https:\/\/www.javeriana.edu.co\/repositorio-hoy-en-la-javeriana\/wp-json\/wp\/v2\/types\/post"}],"author":[{"embeddable":true,"href":"https:\/\/www.javeriana.edu.co\/repositorio-hoy-en-la-javeriana\/wp-json\/wp\/v2\/users\/1"}],"replies":[{"embeddable":true,"href":"https:\/\/www.javeriana.edu.co\/repositorio-hoy-en-la-javeriana\/wp-json\/wp\/v2\/comments?post=699"}],"version-history":[{"count":0,"href":"https:\/\/www.javeriana.edu.co\/repositorio-hoy-en-la-javeriana\/wp-json\/wp\/v2\/posts\/699\/revisions"}],"wp:attachment":[{"href":"https:\/\/www.javeriana.edu.co\/repositorio-hoy-en-la-javeriana\/wp-json\/wp\/v2\/media?parent=699"}],"wp:term":[{"taxonomy":"category","embeddable":true,"href":"https:\/\/www.javeriana.edu.co\/repositorio-hoy-en-la-javeriana\/wp-json\/wp\/v2\/categories?post=699"},{"taxonomy":"post_tag","embeddable":true,"href":"https:\/\/www.javeriana.edu.co\/repositorio-hoy-en-la-javeriana\/wp-json\/wp\/v2\/tags?post=699"}],"curies":[{"name":"wp","href":"https:\/\/api.w.org\/{rel}","templated":true}]}}