{"id":7001,"date":"1965-10-08T16:32:26","date_gmt":"1965-10-08T21:32:26","guid":{"rendered":"https:\/\/masifica.co\/hoyenlajaveriana\/?p=7001"},"modified":"2019-11-18T16:39:35","modified_gmt":"2019-11-18T21:39:35","slug":"concierto-de-despedida-del-cec","status":"publish","type":"post","link":"https:\/\/www.javeriana.edu.co\/repositorio-hoy-en-la-javeriana\/concierto-de-despedida-del-cec\/","title":{"rendered":"Concierto de despedida del CEC"},"content":{"rendered":"<p>El CEC Javeriana efectu\u00f3 ayer su concierto de despedida, en el auditorio de las Facultades Femeninas, a las 7 p.m., ante numeroso p\u00fablico. El coro, ganador de las primeras eliminatorias de Medell\u00edn, para el IV Concurso Nacional de Clubes de Estudiantes Cantores, viajar\u00e1 ma\u00f1ana rumbo a Barranquilla donde participar\u00e1, con las Universidades de Atl\u00e1ntico, Nari\u00f1o, Antioquia y Am\u00e9rica, para la serie final del mencionado concurso. Desde este Bolet\u00edn les deseamos la mejor suerte. Estamos seguros, y as\u00ed queremos expresarlo, que aunque no obtengan el m\u00e1ximo triunfo, habremos estado dignamente representados pues, una vez m\u00e1s, ellos han puesto muy en alto el nombre de la Javeriana.<\/p>\n","protected":false},"excerpt":{"rendered":"<p>El CEC Javeriana efectu\u00f3 ayer su concierto de despedida, en el auditorio de las Facultades Femeninas, a las 7 p.m., ante numeroso p\u00fablico. El coro, ganador de las primeras eliminatorias de Medell\u00edn, para el IV Concurso Nacional de Clubes de Estudiantes Cantores, viajar\u00e1 ma\u00f1ana rumbo a Barranquilla donde participar\u00e1, con las Universidades de Atl\u00e1ntico, Nari\u00f1o, Antioquia y Am\u00e9rica, para la serie final del mencionado concurso. Desde este Bolet\u00edn les deseamos la mejor suerte. Estamos seguros, y as\u00ed queremos expresarlo, que aunque no obtengan el m\u00e1ximo triunfo, habremos estado dignamente representados pues, una vez m\u00e1s, ellos han puesto muy en alto el nombre de la Javeriana.<\/p>\n","protected":false},"author":1,"featured_media":1866,"comment_status":"closed","ping_status":"closed","sticky":false,"template":"","format":"standard","meta":{"footnotes":""},"categories":[51],"tags":[3656,8445,5368,7271,474,7146,8466,164,8467,7273,8440],"class_list":["post-7001","post","type-post","status-publish","format-standard","has-post-thumbnail","hentry","category-cultura","tag-america","tag-ano-5-n-55","tag-antioquia","tag-atlantico","tag-barranquilla","tag-cec","tag-concierto-de-despedida-del-cec","tag-facultades-femeninas","tag-iv-concurso-nacional-de-clubes-de-estudiantes-cantores","tag-narino","tag-octubre-1965"],"acf":[],"_links":{"self":[{"href":"https:\/\/www.javeriana.edu.co\/repositorio-hoy-en-la-javeriana\/wp-json\/wp\/v2\/posts\/7001","targetHints":{"allow":["GET"]}}],"collection":[{"href":"https:\/\/www.javeriana.edu.co\/repositorio-hoy-en-la-javeriana\/wp-json\/wp\/v2\/posts"}],"about":[{"href":"https:\/\/www.javeriana.edu.co\/repositorio-hoy-en-la-javeriana\/wp-json\/wp\/v2\/types\/post"}],"author":[{"embeddable":true,"href":"https:\/\/www.javeriana.edu.co\/repositorio-hoy-en-la-javeriana\/wp-json\/wp\/v2\/users\/1"}],"replies":[{"embeddable":true,"href":"https:\/\/www.javeriana.edu.co\/repositorio-hoy-en-la-javeriana\/wp-json\/wp\/v2\/comments?post=7001"}],"version-history":[{"count":0,"href":"https:\/\/www.javeriana.edu.co\/repositorio-hoy-en-la-javeriana\/wp-json\/wp\/v2\/posts\/7001\/revisions"}],"wp:featuredmedia":[{"embeddable":true,"href":"https:\/\/www.javeriana.edu.co\/repositorio-hoy-en-la-javeriana\/wp-json\/wp\/v2\/media\/1866"}],"wp:attachment":[{"href":"https:\/\/www.javeriana.edu.co\/repositorio-hoy-en-la-javeriana\/wp-json\/wp\/v2\/media?parent=7001"}],"wp:term":[{"taxonomy":"category","embeddable":true,"href":"https:\/\/www.javeriana.edu.co\/repositorio-hoy-en-la-javeriana\/wp-json\/wp\/v2\/categories?post=7001"},{"taxonomy":"post_tag","embeddable":true,"href":"https:\/\/www.javeriana.edu.co\/repositorio-hoy-en-la-javeriana\/wp-json\/wp\/v2\/tags?post=7001"}],"curies":[{"name":"wp","href":"https:\/\/api.w.org\/{rel}","templated":true}]}}