{"id":7049,"date":"1966-02-18T07:47:13","date_gmt":"1966-02-18T12:47:13","guid":{"rendered":"https:\/\/masifica.co\/hoyenlajaveriana\/?p=7049"},"modified":"2019-11-19T07:51:29","modified_gmt":"2019-11-19T12:51:29","slug":"javerianos-4","status":"publish","type":"post","link":"https:\/\/www.javeriana.edu.co\/repositorio-hoy-en-la-javeriana\/javerianos-4\/","title":{"rendered":"Javerianos:"},"content":{"rendered":"<p>Al iniciarse el a\u00f1o escolar de 1966, presento mi cordial saludo de bienvenida a todos los alumnos, profesores y funcionarios de la Universidad Javeriana, dese\u00e1ndoles un nuevo a\u00f1o con muchos \u00e9xitos y positivas realizaciones en sus diferentes especialidades.<\/p>\n<p>Ante todo, quiero dirigirme a los 1.350 estudiantes de primer ario de todas las Facultades de la Universidad, dese\u00e1ndoles una r\u00e1pida adaptaci\u00f3n a la vida universitaria., relievando el privilegio de que gozan al ingresar a las aulas javerianas, ya que por cada uno de ellos fueron rechazados m\u00e1s de 3 \u00f3 4 aspirantes, quiz\u00e1 con iguales cualificaciones. Los felicito, adem\u00e1s, porque la competencia fue re\u00f1ida, y guardo la esperanza de que la Javeriana tendr\u00e1 la gran satisfacci\u00f3n de comprobar finalmente que el selecto grupo escogido ha sabido responder a la distinci\u00f3n de que fue objeto. Aqu\u00ed resulta oportuno que meditemos un momento y teng\u00e1is presentes las palabras del Evangelio: \u00abMuchos son los llamados, y pocos los escogidos\u00bb.<\/p>\n<p>Se que al comienzo de toda misi\u00f3n, y especialmente al iniciar un nuevo a\u00f1o, se encuentran algunos tropiezos, pero tambi\u00e9n estoy seguro de que los javerianos ser\u00e1n los primeros en ayudar a vencer los obst\u00e1culos hasta salir airosamente adelante como lo han hecho siempre.<\/p>\n<p>La Universidad ha ensanchado sus cupos hasta el m\u00e1ximo, con un aumento de unos 500 alumnos de tiempo completo para 1966. Elevo mis oraciones a Dios por todos los javerianos y los invito a que en 1966 luchemos todos unidos como un solo cuerpo, por el bienestar de nuestro claustro universitario y su r\u00e1pido progreso.<\/p>\n<p>Cordialmente,<\/p>\n<p style=\"text-align: center;\">Jes\u00fas Emilio Ram\u00edrez, S.J.<\/p>\n<p style=\"text-align: center;\">Rector.<\/p>\n","protected":false},"excerpt":{"rendered":"<p>Al iniciarse el a\u00f1o escolar de 1966, presento mi cordial saludo de bienvenida a todos los alumnos, profesores y funcionarios de la Universidad Javeriana, dese\u00e1ndoles un nuevo a\u00f1o con muchos \u00e9xitos y positivas realizaciones en sus diferentes especialidades. Ante todo, quiero dirigirme a los 1.350 estudiantes de primer ario de todas las Facultades de la Universidad, dese\u00e1ndoles una r\u00e1pida adaptaci\u00f3n a la vida universitaria., relievando el privilegio de que gozan al ingresar a las aulas javerianas, ya que por cada uno de ellos fueron rechazados m\u00e1s de 3 \u00f3 4 aspirantes, quiz\u00e1 con iguales cualificaciones. Los felicito, adem\u00e1s, porque la competencia fue re\u00f1ida, y guardo la esperanza de que la Javeriana tendr\u00e1 la gran satisfacci\u00f3n de comprobar finalmente que el[&hellip;]<\/p>\n","protected":false},"author":1,"featured_media":1866,"comment_status":"closed","ping_status":"closed","sticky":false,"template":"","format":"standard","meta":{"footnotes":""},"categories":[105],"tags":[8516,8515,98,2827,8517,594,2530],"class_list":["post-7049","post","type-post","status-publish","format-standard","has-post-thumbnail","hentry","category-institucional","tag-ano-6-n-1","tag-febrero-1966","tag-javerianos","tag-jesus-emilio-ramirez","tag-jesus-emilio-ramirez-s-j","tag-rector","tag-universidad-javeriana"],"acf":[],"_links":{"self":[{"href":"https:\/\/www.javeriana.edu.co\/repositorio-hoy-en-la-javeriana\/wp-json\/wp\/v2\/posts\/7049","targetHints":{"allow":["GET"]}}],"collection":[{"href":"https:\/\/www.javeriana.edu.co\/repositorio-hoy-en-la-javeriana\/wp-json\/wp\/v2\/posts"}],"about":[{"href":"https:\/\/www.javeriana.edu.co\/repositorio-hoy-en-la-javeriana\/wp-json\/wp\/v2\/types\/post"}],"author":[{"embeddable":true,"href":"https:\/\/www.javeriana.edu.co\/repositorio-hoy-en-la-javeriana\/wp-json\/wp\/v2\/users\/1"}],"replies":[{"embeddable":true,"href":"https:\/\/www.javeriana.edu.co\/repositorio-hoy-en-la-javeriana\/wp-json\/wp\/v2\/comments?post=7049"}],"version-history":[{"count":0,"href":"https:\/\/www.javeriana.edu.co\/repositorio-hoy-en-la-javeriana\/wp-json\/wp\/v2\/posts\/7049\/revisions"}],"wp:featuredmedia":[{"embeddable":true,"href":"https:\/\/www.javeriana.edu.co\/repositorio-hoy-en-la-javeriana\/wp-json\/wp\/v2\/media\/1866"}],"wp:attachment":[{"href":"https:\/\/www.javeriana.edu.co\/repositorio-hoy-en-la-javeriana\/wp-json\/wp\/v2\/media?parent=7049"}],"wp:term":[{"taxonomy":"category","embeddable":true,"href":"https:\/\/www.javeriana.edu.co\/repositorio-hoy-en-la-javeriana\/wp-json\/wp\/v2\/categories?post=7049"},{"taxonomy":"post_tag","embeddable":true,"href":"https:\/\/www.javeriana.edu.co\/repositorio-hoy-en-la-javeriana\/wp-json\/wp\/v2\/tags?post=7049"}],"curies":[{"name":"wp","href":"https:\/\/api.w.org\/{rel}","templated":true}]}}