{"id":7052,"date":"1966-02-18T08:06:47","date_gmt":"1966-02-18T13:06:47","guid":{"rendered":"https:\/\/masifica.co\/hoyenlajaveriana\/?p=7052"},"modified":"2019-11-19T08:54:46","modified_gmt":"2019-11-19T13:54:46","slug":"becas-2","status":"publish","type":"post","link":"https:\/\/www.javeriana.edu.co\/repositorio-hoy-en-la-javeriana\/becas-2\/","title":{"rendered":"Becas"},"content":{"rendered":"<p>Todos los a\u00f1os se celebra el \u00abD\u00cdA DEL COMPA\u00d1ERO\u00bb en la Javeriana, que consiste esencialmente en una colecta entre el alumnado para el estudiante javeriano necesitado. La OCUM, encargada de organizar este programa en los a\u00f1os anteriores, acaba de anunciar que la Junta Directiva ha asignado 6 medias becas, por un total de $ 6.000.00, para el presente a\u00f1o de 1966. Estas quedaron repartidas as\u00ed Econom\u00eda 2, Derecho 2, Ciencias Sociales 2. Bien por los javerianos y la OCUM.<\/p>\n","protected":false},"excerpt":{"rendered":"<p>Todos los a\u00f1os se celebra el \u00abD\u00cdA DEL COMPA\u00d1ERO\u00bb en la Javeriana, que consiste esencialmente en una colecta entre el alumnado para el estudiante javeriano necesitado. La OCUM, encargada de organizar este programa en los a\u00f1os anteriores, acaba de anunciar que la Junta Directiva ha asignado 6 medias becas, por un total de $ 6.000.00, para el presente a\u00f1o de 1966. Estas quedaron repartidas as\u00ed Econom\u00eda 2, Derecho 2, Ciencias Sociales 2. Bien por los javerianos y la OCUM.<\/p>\n","protected":false},"author":1,"featured_media":1866,"comment_status":"closed","ping_status":"closed","sticky":false,"template":"","format":"standard","meta":{"footnotes":""},"categories":[105],"tags":[8516,3843,1498,126,3530,926,8515,2872,228],"class_list":["post-7052","post","type-post","status-publish","format-standard","has-post-thumbnail","hentry","category-institucional","tag-ano-6-n-1","tag-becas","tag-ciencias-sociales","tag-derecho","tag-dia-del-companero","tag-economia","tag-febrero-1966","tag-javeriana","tag-ocum"],"acf":[],"_links":{"self":[{"href":"https:\/\/www.javeriana.edu.co\/repositorio-hoy-en-la-javeriana\/wp-json\/wp\/v2\/posts\/7052","targetHints":{"allow":["GET"]}}],"collection":[{"href":"https:\/\/www.javeriana.edu.co\/repositorio-hoy-en-la-javeriana\/wp-json\/wp\/v2\/posts"}],"about":[{"href":"https:\/\/www.javeriana.edu.co\/repositorio-hoy-en-la-javeriana\/wp-json\/wp\/v2\/types\/post"}],"author":[{"embeddable":true,"href":"https:\/\/www.javeriana.edu.co\/repositorio-hoy-en-la-javeriana\/wp-json\/wp\/v2\/users\/1"}],"replies":[{"embeddable":true,"href":"https:\/\/www.javeriana.edu.co\/repositorio-hoy-en-la-javeriana\/wp-json\/wp\/v2\/comments?post=7052"}],"version-history":[{"count":0,"href":"https:\/\/www.javeriana.edu.co\/repositorio-hoy-en-la-javeriana\/wp-json\/wp\/v2\/posts\/7052\/revisions"}],"wp:featuredmedia":[{"embeddable":true,"href":"https:\/\/www.javeriana.edu.co\/repositorio-hoy-en-la-javeriana\/wp-json\/wp\/v2\/media\/1866"}],"wp:attachment":[{"href":"https:\/\/www.javeriana.edu.co\/repositorio-hoy-en-la-javeriana\/wp-json\/wp\/v2\/media?parent=7052"}],"wp:term":[{"taxonomy":"category","embeddable":true,"href":"https:\/\/www.javeriana.edu.co\/repositorio-hoy-en-la-javeriana\/wp-json\/wp\/v2\/categories?post=7052"},{"taxonomy":"post_tag","embeddable":true,"href":"https:\/\/www.javeriana.edu.co\/repositorio-hoy-en-la-javeriana\/wp-json\/wp\/v2\/tags?post=7052"}],"curies":[{"name":"wp","href":"https:\/\/api.w.org\/{rel}","templated":true}]}}