{"id":7293,"date":"1966-04-29T09:54:01","date_gmt":"1966-04-29T14:54:01","guid":{"rendered":"https:\/\/masifica.co\/hoyenlajaveriana\/?p=7293"},"modified":"2019-12-05T09:56:34","modified_gmt":"2019-12-05T14:56:34","slug":"ciclo-academico-de-relaciones-publicas","status":"publish","type":"post","link":"https:\/\/www.javeriana.edu.co\/repositorio-hoy-en-la-javeriana\/ciclo-academico-de-relaciones-publicas\/","title":{"rendered":"Ciclo Acad\u00e9mico de Relaciones P\u00fablicas"},"content":{"rendered":"<p>Al primer Ciclo Acad\u00e9mico de Relaciones P\u00fablicas en Medell\u00edn, asisten en representaci\u00f3n de la Escuela de Ciencias de la Comunicaci\u00f3n Social de le Universidad Javeriana, un nutrido grupo de observadores y delegados compuesto por el Prof. H\u00e9ctor T\u00e9llez, las ex-alumnas Cristina Mar\u00eda de Gil, Mar\u00eda Cristina Pab\u00f3n y Claudia Pab\u00f3n. Como representantes del alumnado actual asistir\u00e1n la Srta. Halda Lucra S\u00e1nchez y los Sres. Rafael Botines y Jaime Gonz\u00e1lez Silva. Este acto acad\u00e9mico reviste especial importancia para los alumnos de Relaciones P\u00fablicas, ya que tratar\u00e1 sobre temas de vital inter\u00e9s para su profesi\u00f3n. Deseamos un provechoso viaje a los representantes javerianos.<\/p>\n","protected":false},"excerpt":{"rendered":"<p>Al primer Ciclo Acad\u00e9mico de Relaciones P\u00fablicas en Medell\u00edn, asisten en representaci\u00f3n de la Escuela de Ciencias de la Comunicaci\u00f3n Social de le Universidad Javeriana, un nutrido grupo de observadores y delegados compuesto por el Prof. H\u00e9ctor T\u00e9llez, las ex-alumnas Cristina Mar\u00eda de Gil, Mar\u00eda Cristina Pab\u00f3n y Claudia Pab\u00f3n. Como representantes del alumnado actual asistir\u00e1n la Srta. Halda Lucra S\u00e1nchez y los Sres. Rafael Botines y Jaime Gonz\u00e1lez Silva. Este acto acad\u00e9mico reviste especial importancia para los alumnos de Relaciones P\u00fablicas, ya que tratar\u00e1 sobre temas de vital inter\u00e9s para su profesi\u00f3n. Deseamos un provechoso viaje a los representantes javerianos.<\/p>\n","protected":false},"author":1,"featured_media":1866,"comment_status":"closed","ping_status":"closed","sticky":false,"template":"","format":"standard","meta":{"footnotes":""},"categories":[39],"tags":[8722,8825,8834,8838,8836,8599,8839,8835,8841,8837,473,8840,6881,2530],"class_list":["post-7293","post","type-post","status-publish","format-standard","has-post-thumbnail","hentry","category-academia","tag-abril-1966","tag-ano-6-n-17","tag-ciclo-academico-de-relaciones-publicas","tag-claudia-pabon","tag-cristina-maria-de-gil","tag-escuela-de-ciencias-de-la-comunicacion-social","tag-halda-lucra-sanchez","tag-hector-tellez","tag-jaime-gonzalez-silva","tag-maria-cristina-pabon","tag-medellin","tag-rafael-botines","tag-relaciones-publicas","tag-universidad-javeriana"],"acf":[],"_links":{"self":[{"href":"https:\/\/www.javeriana.edu.co\/repositorio-hoy-en-la-javeriana\/wp-json\/wp\/v2\/posts\/7293","targetHints":{"allow":["GET"]}}],"collection":[{"href":"https:\/\/www.javeriana.edu.co\/repositorio-hoy-en-la-javeriana\/wp-json\/wp\/v2\/posts"}],"about":[{"href":"https:\/\/www.javeriana.edu.co\/repositorio-hoy-en-la-javeriana\/wp-json\/wp\/v2\/types\/post"}],"author":[{"embeddable":true,"href":"https:\/\/www.javeriana.edu.co\/repositorio-hoy-en-la-javeriana\/wp-json\/wp\/v2\/users\/1"}],"replies":[{"embeddable":true,"href":"https:\/\/www.javeriana.edu.co\/repositorio-hoy-en-la-javeriana\/wp-json\/wp\/v2\/comments?post=7293"}],"version-history":[{"count":0,"href":"https:\/\/www.javeriana.edu.co\/repositorio-hoy-en-la-javeriana\/wp-json\/wp\/v2\/posts\/7293\/revisions"}],"wp:featuredmedia":[{"embeddable":true,"href":"https:\/\/www.javeriana.edu.co\/repositorio-hoy-en-la-javeriana\/wp-json\/wp\/v2\/media\/1866"}],"wp:attachment":[{"href":"https:\/\/www.javeriana.edu.co\/repositorio-hoy-en-la-javeriana\/wp-json\/wp\/v2\/media?parent=7293"}],"wp:term":[{"taxonomy":"category","embeddable":true,"href":"https:\/\/www.javeriana.edu.co\/repositorio-hoy-en-la-javeriana\/wp-json\/wp\/v2\/categories?post=7293"},{"taxonomy":"post_tag","embeddable":true,"href":"https:\/\/www.javeriana.edu.co\/repositorio-hoy-en-la-javeriana\/wp-json\/wp\/v2\/tags?post=7293"}],"curies":[{"name":"wp","href":"https:\/\/api.w.org\/{rel}","templated":true}]}}