{"id":7308,"date":"1966-05-03T12:05:51","date_gmt":"1966-05-03T17:05:51","guid":{"rendered":"https:\/\/masifica.co\/hoyenlajaveriana\/?p=7308"},"modified":"2019-12-11T12:07:02","modified_gmt":"2019-12-11T17:07:02","slug":"urgente","status":"publish","type":"post","link":"https:\/\/www.javeriana.edu.co\/repositorio-hoy-en-la-javeriana\/urgente\/","title":{"rendered":"Urgente"},"content":{"rendered":"<p>El viernes 6 de mayo habr\u00e1 una reuni\u00f3n para los interesados en la formaci\u00f3n de la Tuna Universitaria, en el sal\u00f3n del Coro, a las 12 m.<\/p>\n<p>&nbsp;<\/p>\n","protected":false},"excerpt":{"rendered":"<p>El viernes 6 de mayo habr\u00e1 una reuni\u00f3n para los interesados en la formaci\u00f3n de la Tuna Universitaria, en el sal\u00f3n del Coro, a las 12 m. &nbsp;<\/p>\n","protected":false},"author":1,"featured_media":1866,"comment_status":"closed","ping_status":"closed","sticky":false,"template":"","format":"standard","meta":{"footnotes":""},"categories":[105],"tags":[8850,7827,6501,8849,2639,8863,8862],"class_list":["post-7308","post","type-post","status-publish","format-standard","has-post-thumbnail","hentry","category-institucional","tag-ano-6-n-19","tag-coro","tag-escuela-de-periodismo-y-relaciones-publicas","tag-mayo-1966","tag-pontificia-universidad-javeriana","tag-tuna-universitaria","tag-urgente"],"acf":[],"_links":{"self":[{"href":"https:\/\/www.javeriana.edu.co\/repositorio-hoy-en-la-javeriana\/wp-json\/wp\/v2\/posts\/7308","targetHints":{"allow":["GET"]}}],"collection":[{"href":"https:\/\/www.javeriana.edu.co\/repositorio-hoy-en-la-javeriana\/wp-json\/wp\/v2\/posts"}],"about":[{"href":"https:\/\/www.javeriana.edu.co\/repositorio-hoy-en-la-javeriana\/wp-json\/wp\/v2\/types\/post"}],"author":[{"embeddable":true,"href":"https:\/\/www.javeriana.edu.co\/repositorio-hoy-en-la-javeriana\/wp-json\/wp\/v2\/users\/1"}],"replies":[{"embeddable":true,"href":"https:\/\/www.javeriana.edu.co\/repositorio-hoy-en-la-javeriana\/wp-json\/wp\/v2\/comments?post=7308"}],"version-history":[{"count":0,"href":"https:\/\/www.javeriana.edu.co\/repositorio-hoy-en-la-javeriana\/wp-json\/wp\/v2\/posts\/7308\/revisions"}],"wp:featuredmedia":[{"embeddable":true,"href":"https:\/\/www.javeriana.edu.co\/repositorio-hoy-en-la-javeriana\/wp-json\/wp\/v2\/media\/1866"}],"wp:attachment":[{"href":"https:\/\/www.javeriana.edu.co\/repositorio-hoy-en-la-javeriana\/wp-json\/wp\/v2\/media?parent=7308"}],"wp:term":[{"taxonomy":"category","embeddable":true,"href":"https:\/\/www.javeriana.edu.co\/repositorio-hoy-en-la-javeriana\/wp-json\/wp\/v2\/categories?post=7308"},{"taxonomy":"post_tag","embeddable":true,"href":"https:\/\/www.javeriana.edu.co\/repositorio-hoy-en-la-javeriana\/wp-json\/wp\/v2\/tags?post=7308"}],"curies":[{"name":"wp","href":"https:\/\/api.w.org\/{rel}","templated":true}]}}