{"id":8717,"date":"1966-05-10T12:13:47","date_gmt":"1966-05-10T17:13:47","guid":{"rendered":"http:\/\/www.javeriana.edu.co\/hoy-en-la-javeriana?p=8717"},"modified":"2019-12-29T12:16:26","modified_gmt":"2019-12-29T17:16:26","slug":"calendario-deportivo-4","status":"publish","type":"post","link":"https:\/\/www.javeriana.edu.co\/repositorio-hoy-en-la-javeriana\/calendario-deportivo-4\/","title":{"rendered":"Calendario deportivo"},"content":{"rendered":"<p><u>Campeonato zonal <\/u><\/p>\n<p>S\u00e1bado 14: futbol: Javeriana es Am\u00e9ri\u00adca. Jueves 12: Basquet: Javeriana vs Am\u00e9rica. Viernes 13: Volibol: Javeriana vs Nacional. Estos partidos se jugar\u00e1n en las canchas de la Javeriana.<\/p>\n<p>&nbsp;<\/p>\n<p><u>Indiferencia deportiva<\/u><\/p>\n<p>Los equipos deportivos de la Universi\u00addad han logrado un magnifico desempe\u00ad\u00f1o en los eventos hasta ahora realizados, clasificando en todos los juegos para a\u00adsistir al campeonato nacional de univer\u00adsidades, que se celebrar\u00e1 en junio en la ciudad de Medell\u00edn. Esto, sin embargo, no parece ser aliciente para los compa\u00ad\u00f1eros javerianos, ya que las barras han brillado por su ausencia en los partidos jugados. Los deportistas lograron un doble triunfo, venciendo a los contrincan\u00adtes con solo el apoyo moral de sus entrenadores. Es de censurar la actitud pasiva e indiferente de los javerianos, hacia los muchachos que tratan de dar un buen nombre a la Universidad en el campo deportivo. La falta de tiempo, o el exceso de tiempo, no son excusas admisibles ya que los equipos est\u00e1n integrados, en gran parte, por estudiantes de medi\u00adcina, que son los que tienen el traba\u00adjo m\u00e1s pesado, a pesar de lo cual de muestran una mayor voluntad de colaboraci\u00f3n y dan ejemplo con su esp\u00edri<sup>t<\/sup>u deportivo. \u00abHoy en la Javeriana\u00bb hace un llamado de solidaridad a to\u00addos los estudiantes para que se unan y brinden un apoyo entusiasta, y de\u00admuestren mayor esp\u00edritu de compa\u00ad\u00f1erismo e inter\u00e9s para con los deportistas javerianos.<\/p>\n<p>&nbsp;<\/p>\n<p>&nbsp;<\/p>\n","protected":false},"excerpt":{"rendered":"<p>Campeonato zonal S\u00e1bado 14: futbol: Javeriana es Am\u00e9ri\u00adca. Jueves 12: Basquet: Javeriana vs Am\u00e9rica. Viernes 13: Volibol: Javeriana vs Nacional. Estos partidos se jugar\u00e1n en las canchas de la Javeriana. &nbsp; Indiferencia deportiva Los equipos deportivos de la Universi\u00addad han logrado un magnifico desempe\u00ad\u00f1o en los eventos hasta ahora realizados, clasificando en todos los juegos para a\u00adsistir al campeonato nacional de univer\u00adsidades, que se celebrar\u00e1 en junio en la ciudad de Medell\u00edn. Esto, sin embargo, no parece ser aliciente para los compa\u00ad\u00f1eros javerianos, ya que las barras han brillado por su ausencia en los partidos jugados. Los deportistas lograron un doble triunfo, venciendo a los contrincan\u00adtes con solo el apoyo moral de sus entrenadores. Es de censurar la actitud pasiva[&hellip;]<\/p>\n","protected":false},"author":1,"featured_media":1866,"comment_status":"closed","ping_status":"closed","sticky":false,"template":"","format":"standard","meta":{"footnotes":""},"categories":[105],"tags":[3656,8884,8777,3381,2872,8849,473,2923],"class_list":["post-8717","post","type-post","status-publish","format-standard","has-post-thumbnail","hentry","category-institucional","tag-america","tag-ano-6-n-20","tag-calendario-deportivo","tag-hoy-en-la-javeriana","tag-javeriana","tag-mayo-1966","tag-medellin","tag-nacional"],"acf":[],"_links":{"self":[{"href":"https:\/\/www.javeriana.edu.co\/repositorio-hoy-en-la-javeriana\/wp-json\/wp\/v2\/posts\/8717","targetHints":{"allow":["GET"]}}],"collection":[{"href":"https:\/\/www.javeriana.edu.co\/repositorio-hoy-en-la-javeriana\/wp-json\/wp\/v2\/posts"}],"about":[{"href":"https:\/\/www.javeriana.edu.co\/repositorio-hoy-en-la-javeriana\/wp-json\/wp\/v2\/types\/post"}],"author":[{"embeddable":true,"href":"https:\/\/www.javeriana.edu.co\/repositorio-hoy-en-la-javeriana\/wp-json\/wp\/v2\/users\/1"}],"replies":[{"embeddable":true,"href":"https:\/\/www.javeriana.edu.co\/repositorio-hoy-en-la-javeriana\/wp-json\/wp\/v2\/comments?post=8717"}],"version-history":[{"count":0,"href":"https:\/\/www.javeriana.edu.co\/repositorio-hoy-en-la-javeriana\/wp-json\/wp\/v2\/posts\/8717\/revisions"}],"wp:featuredmedia":[{"embeddable":true,"href":"https:\/\/www.javeriana.edu.co\/repositorio-hoy-en-la-javeriana\/wp-json\/wp\/v2\/media\/1866"}],"wp:attachment":[{"href":"https:\/\/www.javeriana.edu.co\/repositorio-hoy-en-la-javeriana\/wp-json\/wp\/v2\/media?parent=8717"}],"wp:term":[{"taxonomy":"category","embeddable":true,"href":"https:\/\/www.javeriana.edu.co\/repositorio-hoy-en-la-javeriana\/wp-json\/wp\/v2\/categories?post=8717"},{"taxonomy":"post_tag","embeddable":true,"href":"https:\/\/www.javeriana.edu.co\/repositorio-hoy-en-la-javeriana\/wp-json\/wp\/v2\/tags?post=8717"}],"curies":[{"name":"wp","href":"https:\/\/api.w.org\/{rel}","templated":true}]}}