{"id":8724,"date":"1966-05-12T12:31:11","date_gmt":"1966-05-12T17:31:11","guid":{"rendered":"http:\/\/www.javeriana.edu.co\/hoy-en-la-javeriana?p=8724"},"modified":"2019-12-29T12:33:21","modified_gmt":"2019-12-29T17:33:21","slug":"dia-mundial-de-la-enfermera","status":"publish","type":"post","link":"https:\/\/www.javeriana.edu.co\/repositorio-hoy-en-la-javeriana\/dia-mundial-de-la-enfermera\/","title":{"rendered":"D\u00eda mundial de la Enfermera"},"content":{"rendered":"<p>La Facultad de Enfermer\u00eda de la U\u00adniversidad y el Depto. de Enfermer\u00eda del Hospital San Ignacio celebra\u00adron, con solemnidad, el 12 de mayo, con el siguiente programa: 11 a.m. Misa en la Capilla del Hospital y primera Comuni\u00f3n de cuatro ni\u00f1as de las salas de Pediatr\u00eda, quienes fue\u00adron preparadas por las estudiantes de la Facultad. 12 m: almuerzo o\u00adfrecido por las Jefas de Servicio a todo el personal de Enfermer\u00eda del Hospital. 12 m: almuerzo ofrecido por las estudiantes de Enfermer\u00eda en su Facultad. Un programa similar fue llevado a cabo por la Asociaci\u00f3n Nacional de Enfermeras Profesiona\u00adles.<\/p>\n<p><u>Viaje a Neiva:<\/u> la se\u00f1orita Sof\u00eda Mari\u00adna Ormaza, profesora de la Facultad de Enfermer\u00eda, viaj\u00f3 a Neiva a representar la Facultad en los diferentes actos que se celebrar\u00e1n all\u00ed con oca\u00adsi\u00f3n del \u00abd\u00eda mundial de la enferme\u00adra\u00bb.<\/p>\n","protected":false},"excerpt":{"rendered":"<p>La Facultad de Enfermer\u00eda de la U\u00adniversidad y el Depto. de Enfermer\u00eda del Hospital San Ignacio celebra\u00adron, con solemnidad, el 12 de mayo, con el siguiente programa: 11 a.m. Misa en la Capilla del Hospital y primera Comuni\u00f3n de cuatro ni\u00f1as de las salas de Pediatr\u00eda, quienes fue\u00adron preparadas por las estudiantes de la Facultad. 12 m: almuerzo o\u00adfrecido por las Jefas de Servicio a todo el personal de Enfermer\u00eda del Hospital. 12 m: almuerzo ofrecido por las estudiantes de Enfermer\u00eda en su Facultad. Un programa similar fue llevado a cabo por la Asociaci\u00f3n Nacional de Enfermeras Profesiona\u00adles. Viaje a Neiva: la se\u00f1orita Sof\u00eda Mari\u00adna Ormaza, profesora de la Facultad de Enfermer\u00eda, viaj\u00f3 a Neiva a representar la Facultad en[&hellip;]<\/p>\n","protected":false},"author":1,"featured_media":1866,"comment_status":"closed","ping_status":"closed","sticky":false,"template":"","format":"standard","meta":{"footnotes":""},"categories":[105],"tags":[8892,5989,8901,8900,79,621,170,8849,8903,4292,8902],"class_list":["post-8724","post","type-post","status-publish","format-standard","has-post-thumbnail","hentry","category-institucional","tag-ano-6-n-21","tag-asociacion-nacional-de-enfermeras-profesionales","tag-depto-de-enfermeria","tag-dia-mundial-de-la-enfermera","tag-enfermeria","tag-facultad-de-enfermeria","tag-hospital-san-ignacio","tag-mayo-1966","tag-neiva","tag-pediatria","tag-sofia-marina-ormaza"],"acf":[],"_links":{"self":[{"href":"https:\/\/www.javeriana.edu.co\/repositorio-hoy-en-la-javeriana\/wp-json\/wp\/v2\/posts\/8724","targetHints":{"allow":["GET"]}}],"collection":[{"href":"https:\/\/www.javeriana.edu.co\/repositorio-hoy-en-la-javeriana\/wp-json\/wp\/v2\/posts"}],"about":[{"href":"https:\/\/www.javeriana.edu.co\/repositorio-hoy-en-la-javeriana\/wp-json\/wp\/v2\/types\/post"}],"author":[{"embeddable":true,"href":"https:\/\/www.javeriana.edu.co\/repositorio-hoy-en-la-javeriana\/wp-json\/wp\/v2\/users\/1"}],"replies":[{"embeddable":true,"href":"https:\/\/www.javeriana.edu.co\/repositorio-hoy-en-la-javeriana\/wp-json\/wp\/v2\/comments?post=8724"}],"version-history":[{"count":0,"href":"https:\/\/www.javeriana.edu.co\/repositorio-hoy-en-la-javeriana\/wp-json\/wp\/v2\/posts\/8724\/revisions"}],"wp:featuredmedia":[{"embeddable":true,"href":"https:\/\/www.javeriana.edu.co\/repositorio-hoy-en-la-javeriana\/wp-json\/wp\/v2\/media\/1866"}],"wp:attachment":[{"href":"https:\/\/www.javeriana.edu.co\/repositorio-hoy-en-la-javeriana\/wp-json\/wp\/v2\/media?parent=8724"}],"wp:term":[{"taxonomy":"category","embeddable":true,"href":"https:\/\/www.javeriana.edu.co\/repositorio-hoy-en-la-javeriana\/wp-json\/wp\/v2\/categories?post=8724"},{"taxonomy":"post_tag","embeddable":true,"href":"https:\/\/www.javeriana.edu.co\/repositorio-hoy-en-la-javeriana\/wp-json\/wp\/v2\/tags?post=8724"}],"curies":[{"name":"wp","href":"https:\/\/api.w.org\/{rel}","templated":true}]}}