{"id":1599,"date":"2018-11-15T02:00:04","date_gmt":"2018-11-15T02:00:04","guid":{"rendered":"http:\/\/www.javeriana.edu.co\/sostenibilidad\/?p=1599"},"modified":"2019-11-29T02:08:07","modified_gmt":"2019-11-29T02:08:07","slug":"foro-academico-investigacion-y-docencia-en-la-educacion-superior-de-cara-a-la-agenda-2030","status":"publish","type":"post","link":"https:\/\/www.javeriana.edu.co\/sostenibilidad\/2018\/11\/15\/foro-academico-investigacion-y-docencia-en-la-educacion-superior-de-cara-a-la-agenda-2030\/","title":{"rendered":"Foro Acad\u00e9mico | Investigaci\u00f3n y docencia en la educaci\u00f3n superior de cara a la agenda 2030"},"content":{"rendered":"<p><img loading=\"lazy\" decoding=\"async\" class=\"aligncenter wp-image-1603 size-full\" src=\"https:\/\/www.javeriana.edu.co\/sostenibilidad\/wp-content\/uploads\/2019\/11\/IMG_9220.jpg\" alt=\"\" width=\"1280\" height=\"853\" srcset=\"https:\/\/www.javeriana.edu.co\/sostenibilidad\/wp-content\/uploads\/2019\/11\/IMG_9220.jpg 1280w, https:\/\/www.javeriana.edu.co\/sostenibilidad\/wp-content\/uploads\/2019\/11\/IMG_9220-300x200.jpg 300w, https:\/\/www.javeriana.edu.co\/sostenibilidad\/wp-content\/uploads\/2019\/11\/IMG_9220-768x512.jpg 768w, https:\/\/www.javeriana.edu.co\/sostenibilidad\/wp-content\/uploads\/2019\/11\/IMG_9220-1024x682.jpg 1024w, https:\/\/www.javeriana.edu.co\/sostenibilidad\/wp-content\/uploads\/2019\/11\/IMG_9220-1080x720.jpg 1080w\" sizes=\"(max-width: 1280px) 100vw, 1280px\" \/><\/p>\n<p class=\"XzvDs _208Ie _2Dym_ blog-post-text-font blog-post-text-color _2QAo- _25MYV _2R0Lu _2Dym_\"><strong>Objetivos del Foro<\/strong><\/p>\n<ul class=\"_2PG9L Ryx7c\">\n<li class=\"_1BJwx _208Ie _2Dym_ Dd5y9 _2KQhc _2QAo- _25MYV _2R0Lu _2Dym_\">\n<p class=\"_208Ie\">Comprender los aportes de la educaci\u00f3n superior en t\u00e9rminos de docencia e investigaci\u00f3n en la implementaci\u00f3n de los Objetivos de Desarrollo Sostenible (ODS) promulgados por la Organizaci\u00f3n de las Naciones Unidas en la Agenda 2030<\/p>\n<\/li>\n<li class=\"_1BJwx _208Ie _2Dym_ Dd5y9 _2KQhc _2QAo- _25MYV _2R0Lu _2Dym_\">\n<p class=\"_208Ie\">Identificar las contribuciones de la educaci\u00f3n superior desde la docencia y la investigaci\u00f3n en el abordaje de los principales retos que impone la pol\u00edtica p\u00fablica y los Planes de Ordenamiento Territorial<\/p>\n<\/li>\n<li class=\"_1BJwx _208Ie _2Dym_ Dd5y9 _2KQhc _2QAo- _25MYV _2R0Lu _2Dym_\">\n<p class=\"_208Ie\">Reflexionar sobre las experiencias de desarrollo sostenible en ciencia, tecnolog\u00eda e innovaci\u00f3n que realizan las universidades colombianas<\/p>\n<\/li>\n<\/ul>\n<p class=\"XzvDs _208Ie _2Dym_ blog-post-text-font blog-post-text-color _2QAo- _25MYV _2R0Lu _2Dym_\">Todas las acciones desarrolladas en el marco del foro fueron encaminadas hacia el compromiso con el medio ambiente y el cuidado de la casa com\u00fan. Tambi\u00e9n se calcularon las emisiones de carbono correspondientes y su compensaci\u00f3n con la siembra de arboles:<\/p>\n<p><iframe loading=\"lazy\" style=\"border: 1px solid #CCC; border-width: 1px; margin-bottom: 5px; max-width: 100%;\" src=\"\/\/www.slideshare.net\/slideshow\/embed_code\/key\/Ghk32a24NrB9FY\" width=\"595\" height=\"485\" frameborder=\"0\" marginwidth=\"0\" marginheight=\"0\" scrolling=\"no\" allowfullscreen=\"allowfullscreen\"> <\/iframe><\/p>\n<div style=\"margin-bottom: 5px;\"><strong> <a title=\"Responsabilidad Ambiental Cosmos\" href=\"\/\/www.slideshare.net\/JaverianaSostenible\/responsabilidad-ambiental-cosmos\" target=\"_blank\" rel=\"noopener noreferrer\">Responsabilidad Ambiental Cosmos<\/a> <\/strong> from <strong><a href=\"https:\/\/www.slideshare.net\/JaverianaSostenible\" target=\"_blank\" rel=\"noopener noreferrer\">Javeriana Sostenible<\/a><\/strong><\/div>\n","protected":false},"excerpt":{"rendered":"<p>Objetivos del Foro Comprender los aportes de la educaci\u00f3n superior en t\u00e9rminos de docencia e investigaci\u00f3n en la implementaci\u00f3n de los Objetivos de Desarrollo Sostenible (ODS) promulgados por la Organizaci\u00f3n de las Naciones Unidas en la Agenda 2030 Identificar las contribuciones de la educaci\u00f3n superior desde la docencia y la investigaci\u00f3n en el abordaje de [&hellip;]<\/p>\n","protected":false},"author":2,"featured_media":1602,"comment_status":"open","ping_status":"open","sticky":false,"template":"","format":"standard","meta":{"_et_pb_use_builder":"","_et_pb_old_content":"","_et_gb_content_width":"","footnotes":""},"categories":[14],"tags":[],"class_list":["post-1599","post","type-post","status-publish","format-standard","has-post-thumbnail","hentry","category-academia-eco-logica"],"_links":{"self":[{"href":"https:\/\/www.javeriana.edu.co\/sostenibilidad\/wp-json\/wp\/v2\/posts\/1599","targetHints":{"allow":["GET"]}}],"collection":[{"href":"https:\/\/www.javeriana.edu.co\/sostenibilidad\/wp-json\/wp\/v2\/posts"}],"about":[{"href":"https:\/\/www.javeriana.edu.co\/sostenibilidad\/wp-json\/wp\/v2\/types\/post"}],"author":[{"embeddable":true,"href":"https:\/\/www.javeriana.edu.co\/sostenibilidad\/wp-json\/wp\/v2\/users\/2"}],"replies":[{"embeddable":true,"href":"https:\/\/www.javeriana.edu.co\/sostenibilidad\/wp-json\/wp\/v2\/comments?post=1599"}],"version-history":[{"count":3,"href":"https:\/\/www.javeriana.edu.co\/sostenibilidad\/wp-json\/wp\/v2\/posts\/1599\/revisions"}],"predecessor-version":[{"id":1606,"href":"https:\/\/www.javeriana.edu.co\/sostenibilidad\/wp-json\/wp\/v2\/posts\/1599\/revisions\/1606"}],"wp:featuredmedia":[{"embeddable":true,"href":"https:\/\/www.javeriana.edu.co\/sostenibilidad\/wp-json\/wp\/v2\/media\/1602"}],"wp:attachment":[{"href":"https:\/\/www.javeriana.edu.co\/sostenibilidad\/wp-json\/wp\/v2\/media?parent=1599"}],"wp:term":[{"taxonomy":"category","embeddable":true,"href":"https:\/\/www.javeriana.edu.co\/sostenibilidad\/wp-json\/wp\/v2\/categories?post=1599"},{"taxonomy":"post_tag","embeddable":true,"href":"https:\/\/www.javeriana.edu.co\/sostenibilidad\/wp-json\/wp\/v2\/tags?post=1599"}],"curies":[{"name":"wp","href":"https:\/\/api.w.org\/{rel}","templated":true}]}}