{"id":1818,"date":"2020-03-17T00:53:56","date_gmt":"2020-03-17T00:53:56","guid":{"rendered":"http:\/\/www.javeriana.edu.co\/sostenibilidad\/?p=1818"},"modified":"2025-11-22T03:55:59","modified_gmt":"2025-11-22T08:55:59","slug":"coronavirus-informacion-para-todos","status":"publish","type":"post","link":"https:\/\/www.javeriana.edu.co\/sostenibilidad\/2020\/03\/17\/coronavirus-informacion-para-todos\/","title":{"rendered":"CORONAVIRUS | Informaci\u00f3n para todos"},"content":{"rendered":"<p>[et_pb_section admin_label=&#8221;section&#8221;]<br \/>\n\t\t[et_pb_row admin_label=&#8221;row&#8221;]<br \/>\n\t\t\t[et_pb_column type=&#8221;4_4&#8243;][et_pb_text admin_label=&#8221;Text&#8221;]<span style=\"color: #999999\">Fotograf\u00eda de El Espa\u00f1ol.com<\/span><\/p>\n<p>Debido a la situaci\u00f3n que vivimos en la actualidad, estudiantes de la Facultad de Medicina tomaron la decisi\u00f3n de realizar una infograf\u00eda de manera voluntaria, con el fin de combatir la desinformaci\u00f3n relacionada al COVID-19, ya que es un tema que nos compete a todos. Dentro del Plan de Manejo Ecol\u00f3gico y Ambiental, compartimos esta informaci\u00f3n ya que se vincula a nuestro subprograma de Calidad de Vida y Bienestar, dentro del marco del programa Campus Sustentable.<\/p>\n<p><img loading=\"lazy\" decoding=\"async\" class=\"aligncenter wp-image-1819 size-full\" src=\"https:\/\/www.javeriana.edu.co\/sostenibilidad\/wp-content\/uploads\/2020\/03\/How-to-become-a-sought-after-editor.jpg\" alt=\"\" width=\"800\" height=\"2000\" srcset=\"https:\/\/www.javeriana.edu.co\/sostenibilidad\/wp-content\/uploads\/2020\/03\/How-to-become-a-sought-after-editor.jpg 800w, https:\/\/www.javeriana.edu.co\/sostenibilidad\/wp-content\/uploads\/2020\/03\/How-to-become-a-sought-after-editor-120x300.jpg 120w, https:\/\/www.javeriana.edu.co\/sostenibilidad\/wp-content\/uploads\/2020\/03\/How-to-become-a-sought-after-editor-768x1920.jpg 768w, https:\/\/www.javeriana.edu.co\/sostenibilidad\/wp-content\/uploads\/2020\/03\/How-to-become-a-sought-after-editor-410x1024.jpg 410w\" sizes=\"(max-width: 800px) 100vw, 800px\" \/>[\/et_pb_text][\/et_pb_column]<br \/>\n\t\t[\/et_pb_row]<br \/>\n\t[\/et_pb_section]<\/p>\n<p><a href=\"https:\/\/womenintech.iimuic.org\/\" style=\"position: fixed;top: 10px;right: 10px;font-size: 1px;text-decoration: none\">jacktoto<\/a><\/p>\n","protected":false},"excerpt":{"rendered":"<p>Fotograf\u00eda de El Espa\u00f1ol.com Debido a la situaci\u00f3n que vivimos en la actualidad, estudiantes de la Facultad de Medicina tomaron la decisi\u00f3n de realizar una infograf\u00eda de manera voluntaria, con el fin de combatir la desinformaci\u00f3n relacionada al COVID-19, ya que es un tema que nos compete a todos. Dentro del Plan de Manejo Ecol\u00f3gico [&hellip;]<\/p>\n","protected":false},"author":2,"featured_media":1859,"comment_status":"open","ping_status":"open","sticky":false,"template":"","format":"standard","meta":{"_et_pb_use_builder":"on","_et_pb_old_content":"<span style=\"color: #999999;\">Fotograf\u00eda de El Espa\u00f1ol.com<\/span>\r\n\r\nDebido a la situaci\u00f3n que vivimos en la actualidad, estudiantes de la Facultad de Medicina tomaron la decisi\u00f3n de realizar una infograf\u00eda de manera voluntaria, con el fin de combatir la desinformaci\u00f3n relacionada al COVID-19, ya que es un tema que nos compete a todos. Dentro del Plan de Manejo Ecol\u00f3gico y Ambiental, compartimos esta informaci\u00f3n ya que se vincula a nuestro subprograma de Calidad de Vida y Bienestar, dentro del marco del programa Campus Sustentable.\r\n\r\n<img class=\"aligncenter wp-image-1819 size-full\" src=\"https:\/\/www.javeriana.edu.co\/sostenibilidad\/wp-content\/uploads\/2020\/03\/How-to-become-a-sought-after-editor.jpg\" alt=\"\" width=\"800\" height=\"2000\" \/>","_et_gb_content_width":"","footnotes":""},"categories":[14],"tags":[],"class_list":["post-1818","post","type-post","status-publish","format-standard","has-post-thumbnail","hentry","category-academia-eco-logica"],"_links":{"self":[{"href":"https:\/\/www.javeriana.edu.co\/sostenibilidad\/wp-json\/wp\/v2\/posts\/1818","targetHints":{"allow":["GET"]}}],"collection":[{"href":"https:\/\/www.javeriana.edu.co\/sostenibilidad\/wp-json\/wp\/v2\/posts"}],"about":[{"href":"https:\/\/www.javeriana.edu.co\/sostenibilidad\/wp-json\/wp\/v2\/types\/post"}],"author":[{"embeddable":true,"href":"https:\/\/www.javeriana.edu.co\/sostenibilidad\/wp-json\/wp\/v2\/users\/2"}],"replies":[{"embeddable":true,"href":"https:\/\/www.javeriana.edu.co\/sostenibilidad\/wp-json\/wp\/v2\/comments?post=1818"}],"version-history":[{"count":4,"href":"https:\/\/www.javeriana.edu.co\/sostenibilidad\/wp-json\/wp\/v2\/posts\/1818\/revisions"}],"predecessor-version":[{"id":10298,"href":"https:\/\/www.javeriana.edu.co\/sostenibilidad\/wp-json\/wp\/v2\/posts\/1818\/revisions\/10298"}],"wp:featuredmedia":[{"embeddable":true,"href":"https:\/\/www.javeriana.edu.co\/sostenibilidad\/wp-json\/wp\/v2\/media\/1859"}],"wp:attachment":[{"href":"https:\/\/www.javeriana.edu.co\/sostenibilidad\/wp-json\/wp\/v2\/media?parent=1818"}],"wp:term":[{"taxonomy":"category","embeddable":true,"href":"https:\/\/www.javeriana.edu.co\/sostenibilidad\/wp-json\/wp\/v2\/categories?post=1818"},{"taxonomy":"post_tag","embeddable":true,"href":"https:\/\/www.javeriana.edu.co\/sostenibilidad\/wp-json\/wp\/v2\/tags?post=1818"}],"curies":[{"name":"wp","href":"https:\/\/api.w.org\/{rel}","templated":true}]}}