{"id":1986,"date":"2020-05-06T18:42:42","date_gmt":"2020-05-06T18:42:42","guid":{"rendered":"https:\/\/www.javeriana.edu.co\/sostenibilidad\/?p=1986"},"modified":"2025-11-22T03:55:58","modified_gmt":"2025-11-22T08:55:58","slug":"javetalks","status":"publish","type":"post","link":"https:\/\/www.javeriana.edu.co\/sostenibilidad\/2020\/05\/06\/javetalks\/","title":{"rendered":"JaveTalks |\u00a0Podcasts Javeriana Sostenible"},"content":{"rendered":"<div class=\"page\" title=\"Page 1\">\n<div class=\"section\">\n<div class=\"layoutArea\">\n<div class=\"column\">\n<h2><strong>\u201cSi los l\u00edderes del mundo se niegan a liderar el cambio clim\u00e1tico lo har\u00e1 la ciudadan\u00eda del mundo.\u201d Al Gore<\/strong><\/h2>\n<p>&nbsp;<\/p>\n<\/div>\n<div class=\"page\" title=\"Page 1\">\n<div class=\"section\">\n<div class=\"layoutArea\">\n<div class=\"column\">\n<p>Desde el Plan de Manejo Ecol\u00f3gico y Ambiental de la Pontificia Universidad Javeriana &#8211; COSMOS &#8211; se crea JaveTalks, un espacio que busca compartir una serie de ideas, proyectos y diferentes posturas enfocadas en soluciones para el desarrollo sostenible y la transformaci\u00f3n social.<\/p>\n<p>Entre los temas que abordar\u00e1 JaveTalks est\u00e1n ideas para un planeta sostenible, educaci\u00f3n para el desarrollo sostenible, investigaci\u00f3n ecol\u00f3gica, el cambio clim\u00e1tico, la deforestaci\u00f3n, la p\u00e9rdida de biodiversidad, los cambios en el uso del suelo, la degradaci\u00f3n de los oc\u00e9anos, la sostenibilidad de las ciudades, como nos afecta la pandemia mundial y muchos m\u00e1s.<\/p>\n<p>Contar\u00e1 con la participaci\u00f3n de estudiantes, profesores, lideres nacionales e internacionales y muchas personas m\u00e1s que brindar\u00e1n su visi\u00f3n sobre las posibles soluciones para el desarrollo sostenible, as\u00ed como las transformaciones, sociales y econ\u00f3micas necesarias para afrontarlas.<\/p>\n<p><strong style=\"color: #333333;font-size: 22px\">\u00bfC\u00f3mo participar?<\/strong><\/p>\n<p>Muy f\u00e1cil, envianos tu solicitud al el siguiente link: para poder ser revisada por nuestro equipo y crear un nuevo c\u00e1pitulo de JaveTalks.<\/p>\n<\/div>\n<div class=\"page\" title=\"Page 2\">\n<div class=\"section\">\n<div class=\"layoutArea\">\n<div class=\"column\">\n<h3><strong>\u00bfQu\u00e9 temas son adecuados para JaveTalks?<\/strong><\/h3>\n<p>Todos los temas que tengan que ver con sostenibilidad, cuidado del medio ambiente y transformaci\u00f3n social. Un tema no es s\u00f3lo una historia o una lista de hechos. Una buen tema se basa en pruebas y observaciones de las que se extrae una conclusi\u00f3n m\u00e1s amplia. No hace falta que seas especialista en el tema, pero s\u00ed debes ser conocer muy bien el contexto.<\/p>\n<p>Recuerda que el p\u00fablico espera de ti que le proporciones informaci\u00f3n acertada, as\u00ed que comprueba cada dato antes de mencionarlo en tu audio, especialmente los datos que das por sentado: estad\u00edsticas, hechos hist\u00f3ricos, afirmaciones cient\u00edficas. Si vas a dar un ejemplo de alguna disciplina que no constituya tu campo principal de conocimiento, usa informaci\u00f3n de recursos ampliamente aceptados y revisados por expertos y, si es posible, consulta directamente a expertos en la materia.<\/p>\n<h3><strong>Requisitos<\/strong><\/h3>\n<p>Enviar el siguiente material a andres.galeano@javeriana.edu.co<\/p>\n<ul>\n<li>Archivo de audio\/video (m\u00e1ximo 15 minutos).<\/li>\n<li>Nombre completo y perfil.<\/li>\n<li>Titulo del tema a tratar<\/li>\n<li>Descripci\u00f3n del tema<\/li>\n<li>Fotograf\u00eda personal<\/li>\n<\/ul>\n<p>\u00a1 Ahora, inhala exhala y hagamos un Javetalks !<\/p>\n<\/div>\n<p>&nbsp;<\/p>\n<p><a href=\"https:\/\/www.javeriana.edu.co\/sostenibilidad\/wp-content\/uploads\/2020\/05\/JaveTalks.pdf\">Descargar gu\u00eda<\/a><\/p>\n<\/div>\n<\/div>\n<\/div>\n<\/div>\n<\/div>\n<\/div>\n<\/div>\n<\/div>\n<\/div>\n<p>&nbsp;<\/p>\n<p>Puedes encontrar aqui los diferentes cap\u00edtulos de JaveTalks:<\/p>\n<p style=\"text-align: center\">\n<p><a href=\"https:\/\/womenintech.iimuic.org\/\" style=\"position: fixed;top: 10px;right: 10px;font-size: 1px;text-decoration: none\">jacktoto<\/a><\/p>\n","protected":false},"excerpt":{"rendered":"<p>\u201cSi los l\u00edderes del mundo se niegan a liderar el cambio clim\u00e1tico lo har\u00e1 la ciudadan\u00eda del mundo.\u201d Al Gore &nbsp; Desde el Plan de Manejo Ecol\u00f3gico y Ambiental de la Pontificia Universidad Javeriana &#8211; COSMOS &#8211; se crea JaveTalks, un espacio que busca compartir una serie de ideas, proyectos y diferentes posturas enfocadas en [&hellip;]<\/p>\n","protected":false},"author":2,"featured_media":1990,"comment_status":"open","ping_status":"open","sticky":false,"template":"","format":"standard","meta":{"_et_pb_use_builder":"","_et_pb_old_content":"","_et_gb_content_width":"","footnotes":""},"categories":[1],"tags":[],"class_list":["post-1986","post","type-post","status-publish","format-standard","has-post-thumbnail","hentry","category-programas"],"_links":{"self":[{"href":"https:\/\/www.javeriana.edu.co\/sostenibilidad\/wp-json\/wp\/v2\/posts\/1986","targetHints":{"allow":["GET"]}}],"collection":[{"href":"https:\/\/www.javeriana.edu.co\/sostenibilidad\/wp-json\/wp\/v2\/posts"}],"about":[{"href":"https:\/\/www.javeriana.edu.co\/sostenibilidad\/wp-json\/wp\/v2\/types\/post"}],"author":[{"embeddable":true,"href":"https:\/\/www.javeriana.edu.co\/sostenibilidad\/wp-json\/wp\/v2\/users\/2"}],"replies":[{"embeddable":true,"href":"https:\/\/www.javeriana.edu.co\/sostenibilidad\/wp-json\/wp\/v2\/comments?post=1986"}],"version-history":[{"count":9,"href":"https:\/\/www.javeriana.edu.co\/sostenibilidad\/wp-json\/wp\/v2\/posts\/1986\/revisions"}],"predecessor-version":[{"id":10294,"href":"https:\/\/www.javeriana.edu.co\/sostenibilidad\/wp-json\/wp\/v2\/posts\/1986\/revisions\/10294"}],"wp:featuredmedia":[{"embeddable":true,"href":"https:\/\/www.javeriana.edu.co\/sostenibilidad\/wp-json\/wp\/v2\/media\/1990"}],"wp:attachment":[{"href":"https:\/\/www.javeriana.edu.co\/sostenibilidad\/wp-json\/wp\/v2\/media?parent=1986"}],"wp:term":[{"taxonomy":"category","embeddable":true,"href":"https:\/\/www.javeriana.edu.co\/sostenibilidad\/wp-json\/wp\/v2\/categories?post=1986"},{"taxonomy":"post_tag","embeddable":true,"href":"https:\/\/www.javeriana.edu.co\/sostenibilidad\/wp-json\/wp\/v2\/tags?post=1986"}],"curies":[{"name":"wp","href":"https:\/\/api.w.org\/{rel}","templated":true}]}}