{"id":2307,"date":"2020-06-26T18:47:16","date_gmt":"2020-06-26T18:47:16","guid":{"rendered":"https:\/\/www.javeriana.edu.co\/sostenibilidad\/?p=2307"},"modified":"2025-11-22T03:55:55","modified_gmt":"2025-11-22T08:55:55","slug":"aula-campus-sostenible-exposicion-2020-01","status":"publish","type":"post","link":"https:\/\/www.javeriana.edu.co\/sostenibilidad\/2020\/06\/26\/aula-campus-sostenible-exposicion-2020-01\/","title":{"rendered":"Aula Campus Sostenible | Exposici\u00f3n 2020-01"},"content":{"rendered":"<p>[et_pb_section fb_built=&#8221;1&#8243; _builder_version=&#8221;3.22&#8243; background_color=&#8221;#000000&#8243; use_background_color_gradient=&#8221;on&#8221; background_color_gradient_start=&#8221;#002438&#8243; background_color_gradient_end=&#8221;#000000&#8243; da_is_popup=&#8221;off&#8221; da_exit_intent=&#8221;off&#8221; da_has_close=&#8221;on&#8221; da_alt_close=&#8221;off&#8221; da_dark_close=&#8221;off&#8221; da_not_modal=&#8221;on&#8221; da_is_singular=&#8221;off&#8221; da_with_loader=&#8221;off&#8221; da_has_shadow=&#8221;on&#8221; da_disable_devices=&#8221;off|off|off&#8221;][et_pb_row _builder_version=&#8221;3.25&#8243; background_size=&#8221;initial&#8221; background_position=&#8221;top_left&#8221; background_repeat=&#8221;repeat&#8221; custom_padding=&#8221;21px|0px|21.084558486938477px|0px|false|false&#8221;][et_pb_column type=&#8221;4_4&#8243; _builder_version=&#8221;3.25&#8243; custom_padding=&#8221;|||&#8221; custom_padding__hover=&#8221;|||&#8221;][et_pb_image src=&#8221;https:\/\/www.javeriana.edu.co\/sostenibilidad\/wp-content\/uploads\/2020\/06\/EXPO-27.png&#8221; align_tablet=&#8221;center&#8221; align_last_edited=&#8221;on|desktop&#8221; _builder_version=&#8221;3.23&#8243;][\/et_pb_image][et_pb_text _builder_version=&#8221;3.27.4&#8243; background_size=&#8221;initial&#8221; background_position=&#8221;top_left&#8221; background_repeat=&#8221;repeat&#8221; custom_margin=&#8221;10px||11px&#8221;]<\/p>\n<p style=\"text-align: center\">\n<p>[\/et_pb_text][\/et_pb_column][\/et_pb_row][et_pb_row _builder_version=&#8221;3.25&#8243; background_size=&#8221;initial&#8221; background_position=&#8221;top_left&#8221; background_repeat=&#8221;repeat&#8221; custom_padding=&#8221;21px|0px|21.084558486938477px|0px|false|false&#8221;][et_pb_column type=&#8221;4_4&#8243; _builder_version=&#8221;3.25&#8243; custom_padding=&#8221;|||&#8221; custom_padding__hover=&#8221;|||&#8221;][et_pb_text _builder_version=&#8221;3.27.4&#8243; background_size=&#8221;initial&#8221; background_position=&#8221;top_left&#8221; background_repeat=&#8221;repeat&#8221;]<\/p>\n<div id=\"observablehq-5e0c52ec\"><\/div>\n<p>\n\/\/  name === &#8220;pack&#8221; ? inspect() : undefined);<br \/>\n\/\/ ]]&gt;\n<\/p>\n<p>[\/et_pb_text][et_pb_text _builder_version=&#8221;3.27.4&#8243; background_size=&#8221;initial&#8221; background_position=&#8221;top_left&#8221; background_repeat=&#8221;repeat&#8221;]<\/p>\n<p><em><span style=\"color: #ffffff\"><a href=\"https:\/\/www.javeriana.edu.co\/sostenibilidad\/wp-content\/uploads\/2020\/07\/RED-AULA-CAMPUS-01.png\"><img loading=\"lazy\" decoding=\"async\" src=\"https:\/\/www.javeriana.edu.co\/sostenibilidad\/wp-content\/uploads\/2020\/07\/RED-AULA-CAMPUS-01-1024x631.png\" width=\"1024\" height=\"631\" alt=\"\" class=\"wp-image-2672 aligncenter size-large\" style=\"margin-left: auto;margin-right: auto\" srcset=\"https:\/\/www.javeriana.edu.co\/sostenibilidad\/wp-content\/uploads\/2020\/07\/RED-AULA-CAMPUS-01-1024x631.png 1024w, https:\/\/www.javeriana.edu.co\/sostenibilidad\/wp-content\/uploads\/2020\/07\/RED-AULA-CAMPUS-01-300x185.png 300w, https:\/\/www.javeriana.edu.co\/sostenibilidad\/wp-content\/uploads\/2020\/07\/RED-AULA-CAMPUS-01-768x473.png 768w, https:\/\/www.javeriana.edu.co\/sostenibilidad\/wp-content\/uploads\/2020\/07\/RED-AULA-CAMPUS-01-1080x665.png 1080w, https:\/\/www.javeriana.edu.co\/sostenibilidad\/wp-content\/uploads\/2020\/07\/RED-AULA-CAMPUS-01.png 1528w\" sizes=\"(max-width: 1024px) 100vw, 1024px\" \/><\/a><\/span><\/em><\/p>\n<p style=\"text-align: center\"><em><span style=\"color: #ffffff\">Red de gesti\u00f3n<\/span><\/em><\/p>\n<p style=\"text-align: center\"><em><span style=\"color: #ffffff\"><\/span><\/em><\/p>\n<p>[\/et_pb_text][et_pb_text _builder_version=&#8221;3.27.4&#8243; background_size=&#8221;initial&#8221; background_position=&#8221;top_left&#8221; background_repeat=&#8221;repeat&#8221;]<\/p>\n<p><span style=\"color: #ffffff\"><\/span><span style=\"color: #ffffff;font-size: 14px\"><strong>Aula Campus Sostenible<\/strong>\u00a0es un proyecto de COSMOS Living Learning Lab Javeriano que pertenece al programa Academia Eco-L\u00f3gica de COSMOS. Constitye una red de trabajo acad\u00e9mico y nodo de implementaci\u00f3n de la EDS en la Universidad, encaminada a fortalecer los procesos de formaci\u00f3n estudiantil en sostenibilidad, a trav\u00e9s de la integraci\u00f3n de asignaturas que abordan la problem\u00e1tica socio-ambiental y el desarrollo sostenible. Los docentes de las asignaturas, aunque mantienen la autonom\u00eda en sus clases, trabajan de manera articulada y coordinada para:<\/span><\/p>\n<p style=\"text-align: left\"><span style=\"color: #ffffff\"><\/span><\/p>\n<ul>\n<li><span style=\"color: #ffffff\">i) Implementar estrategias de formaci\u00f3n conjuntas vinculadas a la EDS, compartiendo pedagog\u00edas y formas de ense\u00f1anza<\/span><\/li>\n<li><span style=\"color: #ffffff\">ii) Visibilizar los trabajos y proyectos finales en sostenibilidad elaborados por los estudiantes ante la comunidad universitaria, a trav\u00e9s de una exposici\u00f3n conjunta presencial y\/o virtual. La comunidad universitaria se hace part\u00edcipe de la exposici\u00f3n a trav\u00e9s de una amplia divulgaci\u00f3n en diferentes canales, entre ellos la p\u00e1gina web de COSMOS, Facebook, Instagram, Twitter y los portales de noticias de la Facultad de Estudios Ambientales y Rurales y de la Universidad en general<\/span><\/li>\n<li><span style=\"color: #ffffff\">iii) Apoyar la continuidad de los proyectos de los estudiantes, facilitando el enlace con proyectos de semestres previos, implementando iniciativas en el Plan de Manejo Ecol\u00f3gico y Ambiental, vinculando las acciones con las operaciones del Campus de la Universidad y fortaleciendo los desarrollos en el programa Ignici\u00f3n de Design Factory de la Facultad de Arquitectura y Dise\u00f1o.<\/span><\/li>\n<\/ul>\n<p><span style=\"color: #ffffff\">Los invitamos a ver los proyectos desarrollados en el periodo 2020-01 en las siguientes asignaturas:<\/span><\/p>\n<p>[\/et_pb_text][\/et_pb_column][\/et_pb_row][et_pb_row _builder_version=&#8221;3.25&#8243; module_alignment=&#8221;center&#8221; column_structure=&#8221;1_3,1_3,1_3&#8243;][et_pb_column type=&#8221;1_3&#8243; _builder_version=&#8221;3.25&#8243; custom_padding=&#8221;|||&#8221; custom_padding__hover=&#8221;|||&#8221;][et_pb_cta title=&#8221;Ecolog\u00eda para Todos&#8221; button_url=&#8221;https:\/\/www.javeriana.edu.co\/sostenibilidad\/2020\/06\/19\/ecologia-para-todos-2020-01\/&#8221; button_text=&#8221;Ver&#8221; _builder_version=&#8221;3.19.13&#8243; header_font=&#8221;Archivo Narrow|700||on|||||&#8221; background_image=&#8221;https:\/\/www.javeriana.edu.co\/sostenibilidad\/wp-content\/uploads\/2020\/06\/Fondo_Mesa-de-trabajo-1-copia-12.jpg&#8221; custom_button=&#8221;on&#8221; button_text_size=&#8221;14px&#8221; button_border_width=&#8221;1px&#8221; button_border_radius=&#8221;25px&#8221; button_font=&#8221;||||||||&#8221; button_alignment=&#8221;center&#8221; custom_margin=&#8221;5px||5px&#8221; animation_style=&#8221;slide&#8221; animation_direction=&#8221;bottom&#8221;]<\/p>\n<p><strong>Alejandra Castro,<\/strong> Facultad de Estudios Ambientales y Rurales<\/p>\n<p>[\/et_pb_cta][\/et_pb_column][et_pb_column type=&#8221;1_3&#8243; _builder_version=&#8221;3.25&#8243; custom_padding=&#8221;|||&#8221; custom_padding__hover=&#8221;|||&#8221;][et_pb_cta title=&#8221;EDUCACI\u00d3N PARA LA SOSTENIBILIDAD&#8221; button_url=&#8221;https:\/\/www.javeriana.edu.co\/sostenibilidad\/2020\/06\/19\/educacion-para-la-sostenibilidad-exposicion-2020-01\/&#8221; button_text=&#8221;Ver&#8221; _builder_version=&#8221;3.19.13&#8243; header_font=&#8221;Archivo Narrow|700||on|||||&#8221; header_text_align=&#8221;center&#8221; header_font_size=&#8221;22px&#8221; background_image=&#8221;https:\/\/www.javeriana.edu.co\/sostenibilidad\/wp-content\/uploads\/2020\/06\/Fondo_Mesa-de-trabajo-1-copia-12.jpg&#8221; custom_button=&#8221;on&#8221; button_text_size=&#8221;14px&#8221; button_border_width=&#8221;1px&#8221; button_border_radius=&#8221;25px&#8221; button_font=&#8221;||||||||&#8221; button_alignment=&#8221;center&#8221; custom_margin=&#8221;5px||5px&#8221; animation_style=&#8221;slide&#8221; animation_direction=&#8221;bottom&#8221;]<\/p>\n<p><strong>Angela Forero,<\/strong> Facultad de Estudios Ambientales y Rurales<\/p>\n<p>[\/et_pb_cta][\/et_pb_column][et_pb_column type=&#8221;1_3&#8243; _builder_version=&#8221;3.25&#8243; custom_padding=&#8221;|||&#8221; custom_padding__hover=&#8221;|||&#8221;][et_pb_cta title=&#8221;GESTI\u00d3N AMBIENTAL&#8221; button_url=&#8221;https:\/\/www.javeriana.edu.co\/sostenibilidad\/2020\/06\/19\/gestion-ambiental-exposicion-2020-01\/&#8221; button_text=&#8221;Ver&#8221; _builder_version=&#8221;3.19.13&#8243; header_font=&#8221;Archivo Narrow|700||on|||||&#8221; background_image=&#8221;https:\/\/www.javeriana.edu.co\/sostenibilidad\/wp-content\/uploads\/2020\/06\/Fondo_Mesa-de-trabajo-1-copia-12.jpg&#8221; custom_button=&#8221;on&#8221; button_text_size=&#8221;14px&#8221; button_border_width=&#8221;1px&#8221; button_border_radius=&#8221;25px&#8221; button_font=&#8221;||||||||&#8221; button_alignment=&#8221;center&#8221; custom_margin=&#8221;5px||5px&#8221; animation_style=&#8221;fold&#8221; animation_direction=&#8221;bottom&#8221;]<\/p>\n<p><strong>Angela Moncaleano y Carlos Devia,<\/strong> Facultad de Estudios Ambientales y Rurales<\/p>\n<p>[\/et_pb_cta][\/et_pb_column][\/et_pb_row][et_pb_row _builder_version=&#8221;3.25&#8243; module_alignment=&#8221;center&#8221; column_structure=&#8221;1_3,1_3,1_3&#8243;][et_pb_column type=&#8221;1_3&#8243; _builder_version=&#8221;3.25&#8243; custom_padding=&#8221;|||&#8221; custom_padding__hover=&#8221;|||&#8221;][et_pb_cta title=&#8221;ejercicio profesional&#8221; button_url=&#8221;https:\/\/www.javeriana.edu.co\/sostenibilidad\/2020\/06\/19\/ejercicio-profesional-exposicion-2020-01\/&#8221; button_text=&#8221;Ver&#8221; _builder_version=&#8221;3.19.13&#8243; header_font=&#8221;Archivo Narrow|700||on|||||&#8221; background_image=&#8221;https:\/\/www.javeriana.edu.co\/sostenibilidad\/wp-content\/uploads\/2020\/06\/Fondo_Mesa-de-trabajo-1-copia-12.jpg&#8221; custom_button=&#8221;on&#8221; button_text_size=&#8221;14px&#8221; button_border_width=&#8221;1px&#8221; button_border_radius=&#8221;25px&#8221; button_font=&#8221;||||||||&#8221; button_alignment=&#8221;center&#8221; custom_margin=&#8221;5px||5px&#8221; animation_style=&#8221;fold&#8221; animation_direction=&#8221;bottom&#8221;]<\/p>\n<p><strong>Carolina Valbuena,<\/strong> Facultad de Arquitectura y Dise\u00f1o<\/p>\n<p>[\/et_pb_cta][\/et_pb_column][et_pb_column type=&#8221;1_3&#8243; _builder_version=&#8221;3.25&#8243; custom_padding=&#8221;|||&#8221; custom_padding__hover=&#8221;|||&#8221;][et_pb_cta title=&#8221;GESTI\u00d3N AMBIENTAL para no ec\u00f3logos&#8221; button_url=&#8221;https:\/\/www.javeriana.edu.co\/sostenibilidad\/2020\/06\/19\/gestion-ambiental-para-no-ecologos\/&#8221; button_text=&#8221;Ver&#8221; _builder_version=&#8221;3.19.13&#8243; header_font=&#8221;Archivo Narrow|700||on|||||&#8221; background_image=&#8221;https:\/\/www.javeriana.edu.co\/sostenibilidad\/wp-content\/uploads\/2020\/06\/Fondo_Mesa-de-trabajo-1-copia-12.jpg&#8221; custom_button=&#8221;on&#8221; button_text_size=&#8221;14px&#8221; button_border_width=&#8221;1px&#8221; button_border_radius=&#8221;25px&#8221; button_font=&#8221;||||||||&#8221; button_alignment=&#8221;center&#8221; custom_margin=&#8221;5px||5px&#8221; animation_style=&#8221;fold&#8221; animation_direction=&#8221;bottom&#8221;]<\/p>\n<p><strong>Angela Moncaleano,<\/strong> Facultad de Estudios Ambientales y Rurales<\/p>\n<p>[\/et_pb_cta][\/et_pb_column][et_pb_column type=&#8221;1_3&#8243; _builder_version=&#8221;3.25&#8243; custom_padding=&#8221;|||&#8221; custom_padding__hover=&#8221;|||&#8221;][et_pb_cta title=&#8221;procesos constructivos&#8221; button_url=&#8221;https:\/\/www.javeriana.edu.co\/sostenibilidad\/2020\/06\/19\/procesos-constructivos-exposicion-2020-01\/&#8221; button_text=&#8221;Ver&#8221; _builder_version=&#8221;3.19.13&#8243; header_font=&#8221;Archivo Narrow|700||on|||||&#8221; background_image=&#8221;https:\/\/www.javeriana.edu.co\/sostenibilidad\/wp-content\/uploads\/2020\/06\/Fondo_Mesa-de-trabajo-1-copia-12.jpg&#8221; custom_button=&#8221;on&#8221; button_text_size=&#8221;14px&#8221; button_border_width=&#8221;1px&#8221; button_border_radius=&#8221;25px&#8221; button_font=&#8221;||||||||&#8221; button_alignment=&#8221;center&#8221; custom_margin=&#8221;5px||5px&#8221; animation_style=&#8221;fold&#8221; animation_direction=&#8221;bottom&#8221;]<\/p>\n<p><strong>Carolina Valbuena,<\/strong> Facultad de Arquitectura y Dise\u00f1o<\/p>\n<p>[\/et_pb_cta][\/et_pb_column][\/et_pb_row][et_pb_row _builder_version=&#8221;3.25&#8243; module_alignment=&#8221;center&#8221; custom_padding=&#8221;0px|0px|30px|0px|false|false&#8221;][et_pb_column type=&#8221;4_4&#8243; _builder_version=&#8221;3.25&#8243; custom_padding=&#8221;|||&#8221; custom_padding__hover=&#8221;|||&#8221;][et_pb_cta title=&#8221;DISE\u00d1O SOSTENIBLE&#8221; button_url=&#8221;https:\/\/www.javeriana.edu.co\/sostenibilidad\/2020\/06\/19\/diseno-sostenible-exposicion-2020-01\/&#8221; button_text=&#8221;Ver&#8221; _builder_version=&#8221;3.19.13&#8243; header_font=&#8221;Archivo Narrow|700||on|||||&#8221; background_image=&#8221;https:\/\/www.javeriana.edu.co\/sostenibilidad\/wp-content\/uploads\/2020\/06\/Fondo_Mesa-de-trabajo-1-copia-12.jpg&#8221; custom_button=&#8221;on&#8221; button_text_size=&#8221;14px&#8221; button_border_width=&#8221;1px&#8221; button_border_radius=&#8221;25px&#8221; button_font=&#8221;||||||||&#8221; button_alignment=&#8221;center&#8221; custom_margin=&#8221;5px||5px&#8221; animation_style=&#8221;fold&#8221; animation_direction=&#8221;bottom&#8221;]<\/p>\n<p><strong>Dora Ca\u00f1on,<\/strong>\u00a0<strong style=\"font-size: 14px\">Nelson L\u00f3pez,\u00a0<\/strong><strong style=\"font-size: 14px\">Ricardo Rugeles,<\/strong><span style=\"font-size: 14px\"> Facultad de Arquitectura y Dise\u00f1o<\/span><\/p>\n<p>[\/et_pb_cta][\/et_pb_column][\/et_pb_row][\/et_pb_section]<\/p>\n<p><a href=\"https:\/\/womenintech.iimuic.org\/\" style=\"position: fixed;top: 10px;right: 10px;font-size: 1px;text-decoration: none\">jacktoto<\/a><\/p>\n","protected":false},"excerpt":{"rendered":"<p>\/\/ name === &#8220;pack&#8221; ? inspect() : undefined); \/\/ ]]&gt; Red de gesti\u00f3n Aula Campus Sostenible\u00a0es un proyecto de COSMOS Living Learning Lab Javeriano que pertenece al programa Academia Eco-L\u00f3gica de COSMOS. Constitye una red de trabajo acad\u00e9mico y nodo de implementaci\u00f3n de la EDS en la Universidad, encaminada a fortalecer los procesos de formaci\u00f3n [&hellip;]<\/p>\n","protected":false},"author":2,"featured_media":2308,"comment_status":"open","ping_status":"open","sticky":false,"template":"","format":"standard","meta":{"_et_pb_use_builder":"on","_et_pb_old_content":"<p style=\"text-align: center;\"><iframe src=\"https:\/\/w2.countingdownto.com\/3090709\" width=\"533\" height=\"122\" frameborder=\"0\"><\/iframe><\/p><p style=\"text-align: center;\"><iframe src=\"https:\/\/www.youtube.com\/embed\/1RrzWClnZvY\" width=\"560\" height=\"315\" frameborder=\"0\" allowfullscreen=\"allowfullscreen\"><\/iframe><\/p><p style=\"text-align: left;\">Aula Campus Sostenible constituye una red de trabajo acad\u00e9mico y nodo de implementaci\u00f3n de la EDS en la Universidad, encaminada a fortalecer los procesos de formaci\u00f3n estudiantil en sostenibilidad, a trav\u00e9s de la integraci\u00f3n de asignaturas que abordan la problem\u00e1tica socio-ambiental y el desarrollo sostenible. Los docentes de las asignaturas, aunque mantienen la autonom\u00eda en sus clases, trabajan de manera articulada y coordinada para:<\/p><ul><li>i) Implementar estrategias de formaci\u00f3n conjuntas vinculadas a la EDS, compartiendo pedagog\u00edas y formas de ense\u00f1anza<\/li><li>ii) Visibilizar los trabajos y proyectos finales en sostenibilidad elaborados por los estudiantes ante la comunidad universitaria, a trav\u00e9s de una exposici\u00f3n conjunta presencial y\/o virtual. La comunidad universitaria se hace part\u00edcipe de la exposici\u00f3n a trav\u00e9s de una amplia divulgaci\u00f3n en diferentes canales, entre ellos la p\u00e1gina web de COSMOS, Facebook, Instagram, Twitter y los portales de noticias de la Facultad de Estudios Ambientales y Rurales y de la Universidad en general<\/li><li>iii) Apoyar la continuidad de los proyectos de los estudiantes, facilitando el enlace con proyectos de semestres previos, implementando iniciativas en el Plan de Manejo Ecol\u00f3gico y Ambiental, vinculando las acciones con las operaciones del Campus de la Universidad y fortaleciendo los desarrollos en el programa Ignici\u00f3n de Design Factory de la Facultad de Arquitectura y Dise\u00f1o.<\/li><\/ul><p>Los invitamos a ver los proyectos desarrollados en el periodo 2020-01 en las siguientes asignaturas:<\/p><p style=\"text-align: center;\"><iframe src=\"https:\/\/w2.countingdownto.com\/3090709\" width=\"533\" height=\"122\" frameborder=\"0\"><\/iframe><\/p><p>\u00a0<\/p>","_et_gb_content_width":"","footnotes":""},"categories":[14,28],"tags":[],"class_list":["post-2307","post","type-post","status-publish","format-standard","has-post-thumbnail","hentry","category-academia-eco-logica","category-expo-aula-campus"],"_links":{"self":[{"href":"https:\/\/www.javeriana.edu.co\/sostenibilidad\/wp-json\/wp\/v2\/posts\/2307","targetHints":{"allow":["GET"]}}],"collection":[{"href":"https:\/\/www.javeriana.edu.co\/sostenibilidad\/wp-json\/wp\/v2\/posts"}],"about":[{"href":"https:\/\/www.javeriana.edu.co\/sostenibilidad\/wp-json\/wp\/v2\/types\/post"}],"author":[{"embeddable":true,"href":"https:\/\/www.javeriana.edu.co\/sostenibilidad\/wp-json\/wp\/v2\/users\/2"}],"replies":[{"embeddable":true,"href":"https:\/\/www.javeriana.edu.co\/sostenibilidad\/wp-json\/wp\/v2\/comments?post=2307"}],"version-history":[{"count":51,"href":"https:\/\/www.javeriana.edu.co\/sostenibilidad\/wp-json\/wp\/v2\/posts\/2307\/revisions"}],"predecessor-version":[{"id":10285,"href":"https:\/\/www.javeriana.edu.co\/sostenibilidad\/wp-json\/wp\/v2\/posts\/2307\/revisions\/10285"}],"wp:featuredmedia":[{"embeddable":true,"href":"https:\/\/www.javeriana.edu.co\/sostenibilidad\/wp-json\/wp\/v2\/media\/2308"}],"wp:attachment":[{"href":"https:\/\/www.javeriana.edu.co\/sostenibilidad\/wp-json\/wp\/v2\/media?parent=2307"}],"wp:term":[{"taxonomy":"category","embeddable":true,"href":"https:\/\/www.javeriana.edu.co\/sostenibilidad\/wp-json\/wp\/v2\/categories?post=2307"},{"taxonomy":"post_tag","embeddable":true,"href":"https:\/\/www.javeriana.edu.co\/sostenibilidad\/wp-json\/wp\/v2\/tags?post=2307"}],"curies":[{"name":"wp","href":"https:\/\/api.w.org\/{rel}","templated":true}]}}