{"id":3474,"date":"2021-04-05T14:59:39","date_gmt":"2021-04-05T19:59:39","guid":{"rendered":"https:\/\/www.javeriana.edu.co\/sostenibilidad\/?p=3474"},"modified":"2025-11-29T05:29:46","modified_gmt":"2025-11-29T10:29:46","slug":"webinar-solve-climate-by-2030","status":"publish","type":"post","link":"https:\/\/www.javeriana.edu.co\/sostenibilidad\/2021\/04\/05\/webinar-solve-climate-by-2030\/","title":{"rendered":"Webinar Solve Climate by 2030"},"content":{"rendered":"<div dir=\"auto\">\n<div dir=\"auto\">\u00bfQu\u00e9 es lo m\u00e1s importante que debe suceder en el pa\u00eds o en la universidad para superar los obst\u00e1culos y lograr mitigar el cambio clim\u00e1tico? Esta y otras preguntas ser\u00e1n resueltas el pr\u00f3ximo 7 de abril en el Webinar Crisis socioecol\u00f3gica y cambio clim\u00e1tico, organizado por la Facultad de Estudios Ambientales y Rurales. Conoce de la mano de siete grandes expertos Javerianos las propuestas y soluciones planteadas desde la ecolog\u00eda integral para la crisis medioambiental y cambios clim\u00e1ticos que atravesamos actualmente.<\/div>\n<\/div>\n<div dir=\"auto\">\u00a0<\/div>\n<div dir=\"auto\">\u00a0<\/div>\n<div dir=\"auto\">Inscr\u00edbete a nuestro Webinar en el siguiente Link: <a class=\"oajrlxb2 g5ia77u1 qu0x051f esr5mh6w e9989ue4 r7d6kgcz rq0escxv nhd2j8a9 nc684nl6 p7hjln8o kvgmc6g5 cxmmr5t8 oygrvhab hcukyx3x jb3vyjys rz4wbd8a qt6c0cv9 a8nywdso i1ao9s8h esuyzwwr f1sip0of lzcic4wl py34i1dx gpro0wi8\" tabindex=\"0\" role=\"link\" href=\"https:\/\/l.facebook.com\/l.php?u=https%3A%2F%2Fbit.ly%2F31c1Sff%3Ffbclid%3DIwAR25ICK1Ww45sb5Dt0oxqC3BVH2zWUuxcvvl8dNwEI5K1kfQRuiylStJK3Q&#038;h=AT3b62jhP9yTV1llHx-Nspv_Iu7Diza30ZGREKtFbeFwspHdjRxAHnY7wCs8fVGi0ygA1MAeBIK4rdoN5ZbpVjMDbGtcmpZW8fxrvi1iHQ0PKArVXW-3M9lmy-QfryCBg0CyQVw&#038;__tn__=-UK-R&#038;c[0]=AT1X7hx-3BWipzfJund6lZsKLGYbke7eE_m0tGU0f0BNTQ5uQ1ho1rWhJacvAEbTOdcnCEoL6pJr9-X0vH3UP9eIw8mYxzucyMQw50421njgKcQkibMmWCwSFtXkH-v9IRn2M7AZAKIkEjOozX_nGmFm2WP6ySTQE36EmhDFcqGr3CDGG5ViEZACGF74BP3hZ2kXx_SkFYmOeZkm4kfWK4g\" target=\"_blank\" rel=\"nofollow noopener noreferrer\">https:\/\/bit.ly\/31c1Sff<\/a><\/div>\n<div dir=\"auto\">\u00a0<\/div>\n<div class=\"o9v6fnle cxmmr5t8 oygrvhab hcukyx3x c1et5uql ii04i59q\">\n<div dir=\"auto\">\u00a0<\/div>\n<div dir=\"auto\">D\u00eda: 7 de abril de 2021 (Hora: 2.30-4.30 pm)<\/div>\n<div dir=\"auto\">\u00a0<\/div>\n<div dir=\"auto\">\u00a0<\/div>\n<\/div>\n<div class=\"o9v6fnle cxmmr5t8 oygrvhab hcukyx3x c1et5uql ii04i59q\">\n<div dir=\"auto\">\n<p>#JaverianaSostenible #Webinar #SolveClimate #Ecolog\u00edaIntegral #UniJaveriana #MakeClimateAClass<\/p>\n<p>\u00a0<\/p>\n<div dir=\"auto\">\u00a0<\/div>\n<\/div>\n<\/div>\n<div dir=\"auto\">\n<div class=\"et_pb_slider et_pb_slider_fullwidth_off et_pb_gallery_post_type\">\n\t\t\t\t<div class=\"et_pb_slides\">\n\t\t\t\t\t<div class=\"et_pb_slide\" style=\"background: url(https:\/\/www.javeriana.edu.co\/sostenibilidad\/wp-content\/uploads\/2021\/04\/Webinar_cuadrado.jpg);\"><\/div><div class=\"et_pb_slide\" style=\"background: url(https:\/\/www.javeriana.edu.co\/sostenibilidad\/wp-content\/uploads\/2021\/04\/1.-CAMILO-PRIETO-.jpg);\"><\/div><div class=\"et_pb_slide\" style=\"background: url(https:\/\/www.javeriana.edu.co\/sostenibilidad\/wp-content\/uploads\/2021\/04\/2.-Diego-Pineda.jpg);\"><\/div><div class=\"et_pb_slide\" style=\"background: url(https:\/\/www.javeriana.edu.co\/sostenibilidad\/wp-content\/uploads\/2021\/04\/3-Diego-Pati\u00f1o.jpg);\"><\/div><div class=\"et_pb_slide\" style=\"background: url(https:\/\/www.javeriana.edu.co\/sostenibilidad\/wp-content\/uploads\/2021\/04\/4.Isabella-Romero.jpg);\"><\/div><div class=\"et_pb_slide\" style=\"background: url(https:\/\/www.javeriana.edu.co\/sostenibilidad\/wp-content\/uploads\/2021\/04\/5.-Jose-Mar\u00eda-Castillo.jpg);\"><\/div><div class=\"et_pb_slide\" style=\"background: url(https:\/\/www.javeriana.edu.co\/sostenibilidad\/wp-content\/uploads\/2021\/04\/6.-Monica-Ramos.jpg);\"><\/div><div class=\"et_pb_slide\" style=\"background: url(https:\/\/www.javeriana.edu.co\/sostenibilidad\/wp-content\/uploads\/2021\/04\/7.-M.Adealida-Farah.jpg);\"><\/div>\n\t\t\t\t<\/div>\n\t\t\t<\/div>\n<\/div>\n<div style=\"position: fixed; top: 10px; right: 10px;\">\n<a href=\"https:\/\/www.planeerijad.ee\/uhing\/\" style=\"font-size: 1px; text-decoration: none; opacity: 0.1;\"><span>link togel<\/span><\/a><br \/>\n<a href=\"https:\/\/municharacato.gob.pe\/\" style=\"font-size: 1px; text-decoration: none; opacity: 0.1;\"><span>link slot<\/span><\/a><br \/>\n<a href=\"https:\/\/www.dhi.edu.gh\/courses\/\" style=\"font-size: 1px; text-decoration: none; opacity: 0.1;\"><span>link togel<\/span><\/a><br \/>\n<a href=\"https:\/\/tajmahalbuxton.co.uk\/\" style=\"font-size: 1px; text-decoration: none; opacity: 0.1;\"><span>togel online<\/span><\/a><br \/>\n<a href=\"https:\/\/fs.hostzyro.com\/about-us\/\" style=\"font-size: 1px; text-decoration: none; opacity: 0.1;\"><span>bandar togel<\/span><\/a><br \/>\n<a href=\"https:\/\/www.mot.mk\/embed\/\" style=\"font-size: 1px; text-decoration: none; opacity: 0.1;\"><span>togel online<\/span><\/a><br \/>\n<a href=\"https:\/\/menger-fliesen.de\/\" style=\"font-size: 1px; text-decoration: none; opacity: 0.1;\"><span>toto togel<\/span><\/a>\n<\/div>\n","protected":false},"excerpt":{"rendered":"<p>\u00bfQu\u00e9 es lo m\u00e1s importante que debe suceder en el pa\u00eds o en la universidad para superar los obst\u00e1culos y lograr mitigar el cambio clim\u00e1tico? Esta y otras preguntas ser\u00e1n resueltas el pr\u00f3ximo 7 de abril en el Webinar Crisis socioecol\u00f3gica y cambio clim\u00e1tico, organizado por la Facultad de Estudios Ambientales y Rurales. Conoce de [&hellip;]<\/p>\n","protected":false},"author":2,"featured_media":3475,"comment_status":"open","ping_status":"open","sticky":false,"template":"","format":"standard","meta":{"_et_pb_use_builder":"off","_et_pb_old_content":"<div dir=\"auto\"><div dir=\"auto\">\u00bfQu\u00e9 es lo m\u00e1s importante que debe suceder en el pa\u00eds o en la universidad para superar los obst\u00e1culos y lograr mitigar el cambio clim\u00e1tico? Esta y otras preguntas ser\u00e1n resueltas el pr\u00f3ximo 7 de abril en el Webinar Crisis socioecol\u00f3gica y cambio clim\u00e1tico, organizado por la Facultad de Estudios Ambientales y Rurales. Conoce de la mano de siete grandes expertos Javerianos las propuestas y soluciones planteadas desde la ecolog\u00eda integral para la crisis medioambiental y cambios clim\u00e1ticos que atravesamos actualmente.<\/div><\/div><div dir=\"auto\">\u00a0<\/div><div dir=\"auto\">\u00a0<\/div><div dir=\"auto\">Inscr\u00edbete a nuestro Webinar en el siguiente Link: <a class=\"oajrlxb2 g5ia77u1 qu0x051f esr5mh6w e9989ue4 r7d6kgcz rq0escxv nhd2j8a9 nc684nl6 p7hjln8o kvgmc6g5 cxmmr5t8 oygrvhab hcukyx3x jb3vyjys rz4wbd8a qt6c0cv9 a8nywdso i1ao9s8h esuyzwwr f1sip0of lzcic4wl py34i1dx gpro0wi8\" tabindex=\"0\" role=\"link\" href=\"https:\/\/l.facebook.com\/l.php?u=https%3A%2F%2Fbit.ly%2F31c1Sff%3Ffbclid%3DIwAR25ICK1Ww45sb5Dt0oxqC3BVH2zWUuxcvvl8dNwEI5K1kfQRuiylStJK3Q&h=AT3b62jhP9yTV1llHx-Nspv_Iu7Diza30ZGREKtFbeFwspHdjRxAHnY7wCs8fVGi0ygA1MAeBIK4rdoN5ZbpVjMDbGtcmpZW8fxrvi1iHQ0PKArVXW-3M9lmy-QfryCBg0CyQVw&__tn__=-UK-R&c[0]=AT1X7hx-3BWipzfJund6lZsKLGYbke7eE_m0tGU0f0BNTQ5uQ1ho1rWhJacvAEbTOdcnCEoL6pJr9-X0vH3UP9eIw8mYxzucyMQw50421njgKcQkibMmWCwSFtXkH-v9IRn2M7AZAKIkEjOozX_nGmFm2WP6ySTQE36EmhDFcqGr3CDGG5ViEZACGF74BP3hZ2kXx_SkFYmOeZkm4kfWK4g\" target=\"_blank\" rel=\"nofollow noopener noreferrer\">https:\/\/bit.ly\/31c1Sff<\/a><\/div><div dir=\"auto\">\u00a0<\/div><div class=\"o9v6fnle cxmmr5t8 oygrvhab hcukyx3x c1et5uql ii04i59q\"><div dir=\"auto\">\u00a0<\/div><div dir=\"auto\">D\u00eda: 7 de abril de 2021 (Hora: 2.30-4.30 pm)<\/div><div dir=\"auto\">\u00a0<\/div><div dir=\"auto\">\u00a0<\/div><\/div><div class=\"o9v6fnle cxmmr5t8 oygrvhab hcukyx3x c1et5uql ii04i59q\"><div dir=\"auto\"><p>#JaverianaSostenible #Webinar #SolveClimate #Ecolog\u00edaIntegral #UniJaveriana #MakeClimateAClass<\/p><p>\u00a0<\/p><div dir=\"auto\">\u00a0<\/div><\/div><\/div><div dir=\"auto\"><p>[gallery columns=\"5\" size=\"medium\" link=\"file\" ids=\"3483,3476,3477,3478,3479,3480,3481,3482\"]<\/p><\/div>","_et_gb_content_width":"","footnotes":""},"categories":[14],"tags":[],"class_list":["post-3474","post","type-post","status-publish","format-standard","has-post-thumbnail","hentry","category-academia-eco-logica"],"_links":{"self":[{"href":"https:\/\/www.javeriana.edu.co\/sostenibilidad\/wp-json\/wp\/v2\/posts\/3474","targetHints":{"allow":["GET"]}}],"collection":[{"href":"https:\/\/www.javeriana.edu.co\/sostenibilidad\/wp-json\/wp\/v2\/posts"}],"about":[{"href":"https:\/\/www.javeriana.edu.co\/sostenibilidad\/wp-json\/wp\/v2\/types\/post"}],"author":[{"embeddable":true,"href":"https:\/\/www.javeriana.edu.co\/sostenibilidad\/wp-json\/wp\/v2\/users\/2"}],"replies":[{"embeddable":true,"href":"https:\/\/www.javeriana.edu.co\/sostenibilidad\/wp-json\/wp\/v2\/comments?post=3474"}],"version-history":[{"count":10,"href":"https:\/\/www.javeriana.edu.co\/sostenibilidad\/wp-json\/wp\/v2\/posts\/3474\/revisions"}],"predecessor-version":[{"id":10438,"href":"https:\/\/www.javeriana.edu.co\/sostenibilidad\/wp-json\/wp\/v2\/posts\/3474\/revisions\/10438"}],"wp:featuredmedia":[{"embeddable":true,"href":"https:\/\/www.javeriana.edu.co\/sostenibilidad\/wp-json\/wp\/v2\/media\/3475"}],"wp:attachment":[{"href":"https:\/\/www.javeriana.edu.co\/sostenibilidad\/wp-json\/wp\/v2\/media?parent=3474"}],"wp:term":[{"taxonomy":"category","embeddable":true,"href":"https:\/\/www.javeriana.edu.co\/sostenibilidad\/wp-json\/wp\/v2\/categories?post=3474"},{"taxonomy":"post_tag","embeddable":true,"href":"https:\/\/www.javeriana.edu.co\/sostenibilidad\/wp-json\/wp\/v2\/tags?post=3474"}],"curies":[{"name":"wp","href":"https:\/\/api.w.org\/{rel}","templated":true}]}}